{"id":2372,"date":"2022-10-07T17:05:05","date_gmt":"2022-10-07T22:05:05","guid":{"rendered":"https:\/\/alaic.org\/?p=2372"},"modified":"2023-02-10T17:15:40","modified_gmt":"2023-02-10T22:15:40","slug":"con-el-dossier-comunicacion-para-el-desarrollo-sostenible-revista-alaic-llega-al-numero-41-2","status":"publish","type":"post","link":"https:\/\/alaic.org\/pt\/con-el-dossier-comunicacion-para-el-desarrollo-sostenible-revista-alaic-llega-al-numero-41-2\/","title":{"rendered":"O ESTADO DE SA\u00daDE MENTAL DOS ACAD\u00caMICOS DE M\u00cdDIA E COMUNICA\u00c7\u00c3O"},"content":{"rendered":"<div data-elementor-type=\"wp-post\" data-elementor-id=\"2372\" class=\"elementor elementor-2372\" data-elementor-post-type=\"post\">\n\t\t\t\t\t\t<section class=\"elementor-section elementor-top-section elementor-element elementor-element-d777b53 elementor-section-boxed elementor-section-height-default elementor-section-height-default\" data-id=\"d777b53\" data-element_type=\"section\">\n\t\t\t\t\t\t<div class=\"elementor-container elementor-column-gap-default\">\n\t\t\t\t\t<div class=\"elementor-column elementor-col-100 elementor-top-column elementor-element elementor-element-afec3e5 ot-flex-column-vertical\" data-id=\"afec3e5\" data-element_type=\"column\">\n\t\t\t<div class=\"elementor-widget-wrap elementor-element-populated\">\n\t\t\t\t\t\t<div class=\"elementor-element elementor-element-43edf23 elementor-widget elementor-widget-text-editor\" data-id=\"43edf23\" data-element_type=\"widget\" data-widget_type=\"text-editor.default\">\n\t\t\t\t<div class=\"elementor-widget-container\">\n\t\t\t<style>\/*! elementor - v3.21.0 - 24-04-2024 *\/\n.elementor-widget-text-editor.elementor-drop-cap-view-stacked .elementor-drop-cap{background-color:#69727d;color:#fff}.elementor-widget-text-editor.elementor-drop-cap-view-framed .elementor-drop-cap{color:#69727d;border:3px solid;background-color:transparent}.elementor-widget-text-editor:not(.elementor-drop-cap-view-default) .elementor-drop-cap{margin-top:8px}.elementor-widget-text-editor:not(.elementor-drop-cap-view-default) .elementor-drop-cap-letter{width:1em;height:1em}.elementor-widget-text-editor .elementor-drop-cap{float:left;text-align:center;line-height:1;font-size:50px}.elementor-widget-text-editor .elementor-drop-cap-letter{display:inline-block}<\/style>\t\t\t\t<p>Evid\u00eancias recentes sobre o estado de sa\u00fade mental de acad\u00eamicos\/estudantes universit\u00e1rios indicam que h\u00e1 s\u00e9rios ind\u00edcios para nos preocupar. Professores e alunos de p\u00f3s-gradua\u00e7\u00e3o em todo o mundo correm alto risco de desenvolver problemas de sa\u00fade mental, como ansiedade, depress\u00e3o e esgotamento em algum momento de sua carreira. Muitos deles buscam ajuda profissional por meio de sua institui\u00e7\u00e3o ou por conta pr\u00f3pria, pois a disponibilidade de estruturas de apoio institucional varia muito entre as diferentes universidades.<\/p><p>Em geral, os estudos apontam consistentemente para uma preval\u00eancia muito maior de problemas de sa\u00fade mental entre os acad\u00eamicos em compara\u00e7\u00e3o com a maioria das outras profiss\u00f5es. O COVID-19 intensificou o estresse no trabalho para muitos acad\u00eamicos, mas o problema claramente \u00e9 anterior \u00e0 pandemia. Sabe-se que as condi\u00e7\u00f5es estruturais do trabalho acad\u00eamico, como alta press\u00e3o editorial, competi\u00e7\u00e3o acirrada e uma cultura de avalia\u00e7\u00e3o constante, contribuem para n\u00edveis insalubres de estresse no trabalho.<\/p><p>Apesar dessa crescente conscientiza\u00e7\u00e3o sobre quest\u00f5es de sa\u00fade mental na academia em geral, sabemos relativamente pouco sobre a situa\u00e7\u00e3o no campo dos estudos de m\u00eddia e comunica\u00e7\u00e3o mais especificamente. Para preencher esta lacuna, a ALAIC, juntamente com outras associa\u00e7\u00f5es internacionais de estudiosos, est\u00e1 participando de um esfor\u00e7o conjunto para mapear o estado de sa\u00fade mental dos estudiosos dos estudos de m\u00eddia e comunica\u00e7\u00e3o.<\/p><p>\u00a0O primeiro passo nesse esfor\u00e7o \u00e9 uma pesquisa online dirigida a estudiosos de m\u00eddia e comunica\u00e7\u00e3o de 25 de setembro a 18 de outubro de 2022. O objetivo da pesquisa \u00e9 medir a magnitude dos problemas de sa\u00fade mental em nosso campo, identificar as condi\u00e7\u00f5es estruturais que produzem maior vulnerabilidade e apontar poss\u00edveis maneiras de melhorar a situa\u00e7\u00e3o. O estudo \u00e9 coordenado por Thomas Hanitzsch e Antonia Markiewitz (ambos da LMU Munich) e Henrik B\u00f8dker (Aarhus University).<\/p><p>Iniciar a pesquisa (ativa at\u00e9 18 de outubro de 2022)<\/p>\t\t\t\t\t\t<\/div>\n\t\t\t\t<\/div>\n\t\t\t\t<div class=\"elementor-element elementor-element-a2b052f elementor-widget elementor-widget-spacer\" data-id=\"a2b052f\" data-element_type=\"widget\" data-widget_type=\"spacer.default\">\n\t\t\t\t<div class=\"elementor-widget-container\">\n\t\t\t<style>\/*! elementor - v3.21.0 - 24-04-2024 *\/\n.elementor-column .elementor-spacer-inner{height:var(--spacer-size)}.e-con{--container-widget-width:100%}.e-con-inner>.elementor-widget-spacer,.e-con>.elementor-widget-spacer{width:var(--container-widget-width,var(--spacer-size));--align-self:var(--container-widget-align-self,initial);--flex-shrink:0}.e-con-inner>.elementor-widget-spacer>.elementor-widget-container,.e-con>.elementor-widget-spacer>.elementor-widget-container{height:100%;width:100%}.e-con-inner>.elementor-widget-spacer>.elementor-widget-container>.elementor-spacer,.e-con>.elementor-widget-spacer>.elementor-widget-container>.elementor-spacer{height:100%}.e-con-inner>.elementor-widget-spacer>.elementor-widget-container>.elementor-spacer>.elementor-spacer-inner,.e-con>.elementor-widget-spacer>.elementor-widget-container>.elementor-spacer>.elementor-spacer-inner{height:var(--container-widget-height,var(--spacer-size))}.e-con-inner>.elementor-widget-spacer.elementor-widget-empty,.e-con>.elementor-widget-spacer.elementor-widget-empty{position:relative;min-height:22px;min-width:22px}.e-con-inner>.elementor-widget-spacer.elementor-widget-empty .elementor-widget-empty-icon,.e-con>.elementor-widget-spacer.elementor-widget-empty .elementor-widget-empty-icon{position:absolute;top:0;bottom:0;left:0;right:0;margin:auto;padding:0;width:22px;height:22px}<\/style>\t\t<div class=\"elementor-spacer\">\n\t\t\t<div class=\"elementor-spacer-inner\"><\/div>\n\t\t<\/div>\n\t\t\t\t<\/div>\n\t\t\t\t<\/div>\n\t\t\t\t<div class=\"elementor-element elementor-element-460b673 elementor-widget elementor-widget-button\" data-id=\"460b673\" data-element_type=\"widget\" data-widget_type=\"button.default\">\n\t\t\t\t<div class=\"elementor-widget-container\">\n\t\t\t\t\t<div class=\"elementor-button-wrapper\">\n\t\t\t<a class=\"elementor-button elementor-button-link elementor-size-sm\" href=\"https:\/\/survey.ifkw.lmu.de\/AMHiMCS\/\">\n\t\t\t\t\t\t<span class=\"elementor-button-content-wrapper\">\n\t\t\t\t\t\t\t\t\t<span class=\"elementor-button-text\">ENQUETE<\/span>\n\t\t\t\t\t<\/span>\n\t\t\t\t\t<\/a>\n\t\t<\/div>\n\t\t\t\t<\/div>\n\t\t\t\t<\/div>\n\t\t\t\t<div class=\"elementor-element elementor-element-1df30c5 elementor-widget elementor-widget-spacer\" data-id=\"1df30c5\" data-element_type=\"widget\" data-widget_type=\"spacer.default\">\n\t\t\t\t<div class=\"elementor-widget-container\">\n\t\t\t\t\t<div class=\"elementor-spacer\">\n\t\t\t<div class=\"elementor-spacer-inner\"><\/div>\n\t\t<\/div>\n\t\t\t\t<\/div>\n\t\t\t\t<\/div>\n\t\t\t\t\t<\/div>\n\t\t<\/div>\n\t\t\t\t\t<\/div>\n\t\t<\/section>\n\t\t\t\t<\/div>","protected":false},"excerpt":{"rendered":"<p>Evid\u00eancias recentes sobre o estado de sa\u00fade mental dos acad\u00e9micos\/universidades indicam que existem s\u00e9rios sinais de preocupa\u00e7\u00e3o. Docentes e estudantes de p\u00f3s-gradua\u00e7\u00e3o em todo o mundo correm alto risco de desenvolver problemas de sa\u00fade mental, como ansiedade, depress\u00e3o e esgotamento, em algum momento de suas carreiras. Muitos deles procuram [\u2026]<\/p>","protected":false},"author":4,"featured_media":2377,"comment_status":"open","ping_status":"open","sticky":false,"template":"","format":"standard","meta":{"_bbp_topic_count":0,"_bbp_reply_count":0,"_bbp_total_topic_count":0,"_bbp_total_reply_count":0,"_bbp_voice_count":0,"_bbp_anonymous_reply_count":0,"_bbp_topic_count_hidden":0,"_bbp_reply_count_hidden":0,"_bbp_forum_subforum_count":0,"footnotes":""},"categories":[27],"tags":[],"yoast_head":"<!-- This site is optimized with the Yoast SEO plugin v22.5 - https:\/\/yoast.com\/wordpress\/plugins\/seo\/ -->\n<title>EL ESTADO DE LA SALUD MENTAL DE LOS ACAD\u00c9MICOS DE LOS MEDIOS Y LA COMUNICACI\u00d3N - Alaic<\/title>\n<meta name=\"robots\" content=\"index, follow, max-snippet:-1, max-image-preview:large, max-video-preview:-1\" \/>\n<link rel=\"canonical\" href=\"https:\/\/alaic.org\/pt\/con-el-dossier-comunicacion-para-el-desarrollo-sostenible-revista-alaic-llega-al-numero-41-2\/\" \/>\n<meta property=\"og:locale\" content=\"pt_BR\" \/>\n<meta property=\"og:type\" content=\"article\" \/>\n<meta property=\"og:title\" content=\"EL ESTADO DE LA SALUD MENTAL DE LOS ACAD\u00c9MICOS DE LOS MEDIOS Y LA COMUNICACI\u00d3N - Alaic\" \/>\n<meta property=\"og:description\" content=\"Evidencia reciente sobre el estado de la salud mental de los acad\u00e9micos\/universitarios indican que hay serios indicios para preocuparnos. Tanto profesores como estudiantes de postgrado de todo el mundo corren un alto riesgo de desarrollar problemas de salud mental, tales como ansiedad, depresi\u00f3n y agotamiento en alg\u00fan momento de su carrera. Muchos de ellos buscan [&hellip;]\" \/>\n<meta property=\"og:url\" content=\"https:\/\/alaic.org\/pt\/con-el-dossier-comunicacion-para-el-desarrollo-sostenible-revista-alaic-llega-al-numero-41-2\/\" \/>\n<meta property=\"og:site_name\" content=\"Alaic\" \/>\n<meta property=\"article:published_time\" content=\"2022-10-07T22:05:05+00:00\" \/>\n<meta property=\"article:modified_time\" content=\"2023-02-10T22:15:40+00:00\" \/>\n<meta property=\"og:image\" content=\"https:\/\/alaic.org\/wp-content\/uploads\/2023\/02\/imagen_2023-02-10_171439002.png\" \/>\n\t<meta property=\"og:image:width\" content=\"840\" \/>\n\t<meta property=\"og:image:height\" content=\"500\" \/>\n\t<meta property=\"og:image:type\" content=\"image\/png\" \/>\n<meta name=\"author\" content=\"Mar\u00eda Camila S\u00e1nchez Delgado\" \/>\n<meta name=\"twitter:card\" content=\"summary_large_image\" \/>\n<meta name=\"twitter:label1\" content=\"Escrito por\" \/>\n\t<meta name=\"twitter:data1\" content=\"Mar\u00eda Camila S\u00e1nchez Delgado\" \/>\n\t<meta name=\"twitter:label2\" content=\"Est. tempo de leitura\" \/>\n\t<meta name=\"twitter:data2\" content=\"2 minutos\" \/>\n<script type=\"application\/ld+json\" class=\"yoast-schema-graph\">{\"@context\":\"https:\/\/schema.org\",\"@graph\":[{\"@type\":\"Article\",\"@id\":\"https:\/\/alaic.org\/con-el-dossier-comunicacion-para-el-desarrollo-sostenible-revista-alaic-llega-al-numero-41-2\/#article\",\"isPartOf\":{\"@id\":\"https:\/\/alaic.org\/con-el-dossier-comunicacion-para-el-desarrollo-sostenible-revista-alaic-llega-al-numero-41-2\/\"},\"author\":{\"name\":\"Mar\u00eda Camila S\u00e1nchez Delgado\",\"@id\":\"https:\/\/alaic.org\/#\/schema\/person\/0a33842a0f2ba664f0c5a5e1beb19a23\"},\"headline\":\"EL ESTADO DE LA SALUD MENTAL DE LOS ACAD\u00c9MICOS DE LOS MEDIOS Y LA COMUNICACI\u00d3N\",\"datePublished\":\"2022-10-07T22:05:05+00:00\",\"dateModified\":\"2023-02-10T22:15:40+00:00\",\"mainEntityOfPage\":{\"@id\":\"https:\/\/alaic.org\/con-el-dossier-comunicacion-para-el-desarrollo-sostenible-revista-alaic-llega-al-numero-41-2\/\"},\"wordCount\":382,\"commentCount\":0,\"publisher\":{\"@id\":\"https:\/\/alaic.org\/#organization\"},\"image\":{\"@id\":\"https:\/\/alaic.org\/con-el-dossier-comunicacion-para-el-desarrollo-sostenible-revista-alaic-llega-al-numero-41-2\/#primaryimage\"},\"thumbnailUrl\":\"https:\/\/alaic.org\/wp-content\/uploads\/2023\/02\/imagen_2023-02-10_171439002.png\",\"articleSection\":[\"NOT\u00cdCIAS\"],\"inLanguage\":\"pt-BR\",\"potentialAction\":[{\"@type\":\"CommentAction\",\"name\":\"Comment\",\"target\":[\"https:\/\/alaic.org\/con-el-dossier-comunicacion-para-el-desarrollo-sostenible-revista-alaic-llega-al-numero-41-2\/#respond\"]}]},{\"@type\":\"WebPage\",\"@id\":\"https:\/\/alaic.org\/con-el-dossier-comunicacion-para-el-desarrollo-sostenible-revista-alaic-llega-al-numero-41-2\/\",\"url\":\"https:\/\/alaic.org\/con-el-dossier-comunicacion-para-el-desarrollo-sostenible-revista-alaic-llega-al-numero-41-2\/\",\"name\":\"EL ESTADO DE LA SALUD MENTAL DE LOS ACAD\u00c9MICOS DE LOS MEDIOS Y LA COMUNICACI\u00d3N - Alaic\",\"isPartOf\":{\"@id\":\"https:\/\/alaic.org\/#website\"},\"primaryImageOfPage\":{\"@id\":\"https:\/\/alaic.org\/con-el-dossier-comunicacion-para-el-desarrollo-sostenible-revista-alaic-llega-al-numero-41-2\/#primaryimage\"},\"image\":{\"@id\":\"https:\/\/alaic.org\/con-el-dossier-comunicacion-para-el-desarrollo-sostenible-revista-alaic-llega-al-numero-41-2\/#primaryimage\"},\"thumbnailUrl\":\"https:\/\/alaic.org\/wp-content\/uploads\/2023\/02\/imagen_2023-02-10_171439002.png\",\"datePublished\":\"2022-10-07T22:05:05+00:00\",\"dateModified\":\"2023-02-10T22:15:40+00:00\",\"breadcrumb\":{\"@id\":\"https:\/\/alaic.org\/con-el-dossier-comunicacion-para-el-desarrollo-sostenible-revista-alaic-llega-al-numero-41-2\/#breadcrumb\"},\"inLanguage\":\"pt-BR\",\"potentialAction\":[{\"@type\":\"ReadAction\",\"target\":[\"https:\/\/alaic.org\/con-el-dossier-comunicacion-para-el-desarrollo-sostenible-revista-alaic-llega-al-numero-41-2\/\"]}]},{\"@type\":\"ImageObject\",\"inLanguage\":\"pt-BR\",\"@id\":\"https:\/\/alaic.org\/con-el-dossier-comunicacion-para-el-desarrollo-sostenible-revista-alaic-llega-al-numero-41-2\/#primaryimage\",\"url\":\"https:\/\/alaic.org\/wp-content\/uploads\/2023\/02\/imagen_2023-02-10_171439002.png\",\"contentUrl\":\"https:\/\/alaic.org\/wp-content\/uploads\/2023\/02\/imagen_2023-02-10_171439002.png\",\"width\":840,\"height\":500},{\"@type\":\"BreadcrumbList\",\"@id\":\"https:\/\/alaic.org\/con-el-dossier-comunicacion-para-el-desarrollo-sostenible-revista-alaic-llega-al-numero-41-2\/#breadcrumb\",\"itemListElement\":[{\"@type\":\"ListItem\",\"position\":1,\"name\":\"Portada\",\"item\":\"https:\/\/alaic.org\/\"},{\"@type\":\"ListItem\",\"position\":2,\"name\":\"EL ESTADO DE LA SALUD MENTAL DE LOS ACAD\u00c9MICOS DE LOS MEDIOS Y LA COMUNICACI\u00d3N\"}]},{\"@type\":\"WebSite\",\"@id\":\"https:\/\/alaic.org\/#website\",\"url\":\"https:\/\/alaic.org\/\",\"name\":\"Alaic\",\"description\":\"Asociaci\u00f3n Latinoamericana de Investigadores de la Comunicaci\u00f3n\",\"publisher\":{\"@id\":\"https:\/\/alaic.org\/#organization\"},\"potentialAction\":[{\"@type\":\"SearchAction\",\"target\":{\"@type\":\"EntryPoint\",\"urlTemplate\":\"https:\/\/alaic.org\/?s={search_term_string}\"},\"query-input\":\"required name=search_term_string\"}],\"inLanguage\":\"pt-BR\"},{\"@type\":\"Organization\",\"@id\":\"https:\/\/alaic.org\/#organization\",\"name\":\"Alaic\",\"url\":\"https:\/\/alaic.org\/\",\"logo\":{\"@type\":\"ImageObject\",\"inLanguage\":\"pt-BR\",\"@id\":\"https:\/\/alaic.org\/#\/schema\/logo\/image\/\",\"url\":\"https:\/\/alaic.org\/wp-content\/uploads\/2023\/02\/imagen_2023-02-16_090402780.png\",\"contentUrl\":\"https:\/\/alaic.org\/wp-content\/uploads\/2023\/02\/imagen_2023-02-16_090402780.png\",\"width\":1220,\"height\":417,\"caption\":\"Alaic\"},\"image\":{\"@id\":\"https:\/\/alaic.org\/#\/schema\/logo\/image\/\"}},{\"@type\":\"Person\",\"@id\":\"https:\/\/alaic.org\/#\/schema\/person\/0a33842a0f2ba664f0c5a5e1beb19a23\",\"name\":\"Mar\u00eda Camila S\u00e1nchez Delgado\",\"image\":{\"@type\":\"ImageObject\",\"inLanguage\":\"pt-BR\",\"@id\":\"https:\/\/alaic.org\/#\/schema\/person\/image\/\",\"url\":\"https:\/\/alaic.org\/wp-content\/plugins\/buddypress\/bp-core\/images\/mystery-man.jpg\",\"contentUrl\":\"https:\/\/alaic.org\/wp-content\/plugins\/buddypress\/bp-core\/images\/mystery-man.jpg\",\"caption\":\"Mar\u00eda Camila S\u00e1nchez Delgado\"},\"url\":\"https:\/\/alaic.org\/pt\/miembros\/msanchezdcamilagmail-com\"}]}<\/script>\n<!-- \/ Yoast SEO plugin. -->","yoast_head_json":{"title":"EL ESTADO DE LA SALUD MENTAL DE LOS ACAD\u00c9MICOS DE LOS MEDIOS Y LA COMUNICACI\u00d3N - Alaic","robots":{"index":"index","follow":"follow","max-snippet":"max-snippet:-1","max-image-preview":"max-image-preview:large","max-video-preview":"max-video-preview:-1"},"canonical":"https:\/\/alaic.org\/pt\/con-el-dossier-comunicacion-para-el-desarrollo-sostenible-revista-alaic-llega-al-numero-41-2\/","og_locale":"pt_BR","og_type":"article","og_title":"EL ESTADO DE LA SALUD MENTAL DE LOS ACAD\u00c9MICOS DE LOS MEDIOS Y LA COMUNICACI\u00d3N - Alaic","og_description":"Evidencia reciente sobre el estado de la salud mental de los acad\u00e9micos\/universitarios indican que hay serios indicios para preocuparnos. Tanto profesores como estudiantes de postgrado de todo el mundo corren un alto riesgo de desarrollar problemas de salud mental, tales como ansiedad, depresi\u00f3n y agotamiento en alg\u00fan momento de su carrera. Muchos de ellos buscan [&hellip;]","og_url":"https:\/\/alaic.org\/pt\/con-el-dossier-comunicacion-para-el-desarrollo-sostenible-revista-alaic-llega-al-numero-41-2\/","og_site_name":"Alaic","article_published_time":"2022-10-07T22:05:05+00:00","article_modified_time":"2023-02-10T22:15:40+00:00","og_image":[{"width":840,"height":500,"url":"https:\/\/alaic.org\/wp-content\/uploads\/2023\/02\/imagen_2023-02-10_171439002.png","type":"image\/png"}],"author":"Mar\u00eda Camila S\u00e1nchez Delgado","twitter_card":"summary_large_image","twitter_misc":{"Escrito por":"Mar\u00eda Camila S\u00e1nchez Delgado","Est. tempo de leitura":"2 minutos"},"schema":{"@context":"https:\/\/schema.org","@graph":[{"@type":"Article","@id":"https:\/\/alaic.org\/con-el-dossier-comunicacion-para-el-desarrollo-sostenible-revista-alaic-llega-al-numero-41-2\/#article","isPartOf":{"@id":"https:\/\/alaic.org\/con-el-dossier-comunicacion-para-el-desarrollo-sostenible-revista-alaic-llega-al-numero-41-2\/"},"author":{"name":"Mar\u00eda Camila S\u00e1nchez Delgado","@id":"https:\/\/alaic.org\/#\/schema\/person\/0a33842a0f2ba664f0c5a5e1beb19a23"},"headline":"EL ESTADO DE LA SALUD MENTAL DE LOS ACAD\u00c9MICOS DE LOS MEDIOS Y LA COMUNICACI\u00d3N","datePublished":"2022-10-07T22:05:05+00:00","dateModified":"2023-02-10T22:15:40+00:00","mainEntityOfPage":{"@id":"https:\/\/alaic.org\/con-el-dossier-comunicacion-para-el-desarrollo-sostenible-revista-alaic-llega-al-numero-41-2\/"},"wordCount":382,"commentCount":0,"publisher":{"@id":"https:\/\/alaic.org\/#organization"},"image":{"@id":"https:\/\/alaic.org\/con-el-dossier-comunicacion-para-el-desarrollo-sostenible-revista-alaic-llega-al-numero-41-2\/#primaryimage"},"thumbnailUrl":"https:\/\/alaic.org\/wp-content\/uploads\/2023\/02\/imagen_2023-02-10_171439002.png","articleSection":["NOT\u00cdCIAS"],"inLanguage":"pt-BR","potentialAction":[{"@type":"CommentAction","name":"Comment","target":["https:\/\/alaic.org\/con-el-dossier-comunicacion-para-el-desarrollo-sostenible-revista-alaic-llega-al-numero-41-2\/#respond"]}]},{"@type":"WebPage","@id":"https:\/\/alaic.org\/con-el-dossier-comunicacion-para-el-desarrollo-sostenible-revista-alaic-llega-al-numero-41-2\/","url":"https:\/\/alaic.org\/con-el-dossier-comunicacion-para-el-desarrollo-sostenible-revista-alaic-llega-al-numero-41-2\/","name":"EL ESTADO DE LA SALUD MENTAL DE LOS ACAD\u00c9MICOS DE LOS MEDIOS Y LA COMUNICACI\u00d3N - Alaic","isPartOf":{"@id":"https:\/\/alaic.org\/#website"},"primaryImageOfPage":{"@id":"https:\/\/alaic.org\/con-el-dossier-comunicacion-para-el-desarrollo-sostenible-revista-alaic-llega-al-numero-41-2\/#primaryimage"},"image":{"@id":"https:\/\/alaic.org\/con-el-dossier-comunicacion-para-el-desarrollo-sostenible-revista-alaic-llega-al-numero-41-2\/#primaryimage"},"thumbnailUrl":"https:\/\/alaic.org\/wp-content\/uploads\/2023\/02\/imagen_2023-02-10_171439002.png","datePublished":"2022-10-07T22:05:05+00:00","dateModified":"2023-02-10T22:15:40+00:00","breadcrumb":{"@id":"https:\/\/alaic.org\/con-el-dossier-comunicacion-para-el-desarrollo-sostenible-revista-alaic-llega-al-numero-41-2\/#breadcrumb"},"inLanguage":"pt-BR","potentialAction":[{"@type":"ReadAction","target":["https:\/\/alaic.org\/con-el-dossier-comunicacion-para-el-desarrollo-sostenible-revista-alaic-llega-al-numero-41-2\/"]}]},{"@type":"ImageObject","inLanguage":"pt-BR","@id":"https:\/\/alaic.org\/con-el-dossier-comunicacion-para-el-desarrollo-sostenible-revista-alaic-llega-al-numero-41-2\/#primaryimage","url":"https:\/\/alaic.org\/wp-content\/uploads\/2023\/02\/imagen_2023-02-10_171439002.png","contentUrl":"https:\/\/alaic.org\/wp-content\/uploads\/2023\/02\/imagen_2023-02-10_171439002.png","width":840,"height":500},{"@type":"BreadcrumbList","@id":"https:\/\/alaic.org\/con-el-dossier-comunicacion-para-el-desarrollo-sostenible-revista-alaic-llega-al-numero-41-2\/#breadcrumb","itemListElement":[{"@type":"ListItem","position":1,"name":"Portada","item":"https:\/\/alaic.org\/"},{"@type":"ListItem","position":2,"name":"EL ESTADO DE LA SALUD MENTAL DE LOS ACAD\u00c9MICOS DE LOS MEDIOS Y LA COMUNICACI\u00d3N"}]},{"@type":"WebSite","@id":"https:\/\/alaic.org\/#website","url":"https:\/\/alaic.org\/","name":"Alaic","description":"Asociaci\u00f3n Latinoamericana de Investigadores de la Comunicaci\u00f3n","publisher":{"@id":"https:\/\/alaic.org\/#organization"},"potentialAction":[{"@type":"SearchAction","target":{"@type":"EntryPoint","urlTemplate":"https:\/\/alaic.org\/?s={search_term_string}"},"query-input":"required name=search_term_string"}],"inLanguage":"pt-BR"},{"@type":"Organization","@id":"https:\/\/alaic.org\/#organization","name":"Alaic","url":"https:\/\/alaic.org\/","logo":{"@type":"ImageObject","inLanguage":"pt-BR","@id":"https:\/\/alaic.org\/#\/schema\/logo\/image\/","url":"https:\/\/alaic.org\/wp-content\/uploads\/2023\/02\/imagen_2023-02-16_090402780.png","contentUrl":"https:\/\/alaic.org\/wp-content\/uploads\/2023\/02\/imagen_2023-02-16_090402780.png","width":1220,"height":417,"caption":"Alaic"},"image":{"@id":"https:\/\/alaic.org\/#\/schema\/logo\/image\/"}},{"@type":"Person","@id":"https:\/\/alaic.org\/#\/schema\/person\/0a33842a0f2ba664f0c5a5e1beb19a23","name":"Mar\u00eda Camila S\u00e1nchez Delgado","image":{"@type":"ImageObject","inLanguage":"pt-BR","@id":"https:\/\/alaic.org\/#\/schema\/person\/image\/","url":"https:\/\/alaic.org\/wp-content\/plugins\/buddypress\/bp-core\/images\/mystery-man.jpg","contentUrl":"https:\/\/alaic.org\/wp-content\/plugins\/buddypress\/bp-core\/images\/mystery-man.jpg","caption":"Mar\u00eda Camila S\u00e1nchez Delgado"},"url":"https:\/\/alaic.org\/pt\/miembros\/msanchezdcamilagmail-com"}]}},"_links":{"self":[{"href":"https:\/\/alaic.org\/pt\/wp-json\/wp\/v2\/posts\/2372"}],"collection":[{"href":"https:\/\/alaic.org\/pt\/wp-json\/wp\/v2\/posts"}],"about":[{"href":"https:\/\/alaic.org\/pt\/wp-json\/wp\/v2\/types\/post"}],"author":[{"embeddable":true,"href":"https:\/\/alaic.org\/pt\/wp-json\/wp\/v2\/users\/4"}],"replies":[{"embeddable":true,"href":"https:\/\/alaic.org\/pt\/wp-json\/wp\/v2\/comments?post=2372"}],"version-history":[{"count":7,"href":"https:\/\/alaic.org\/pt\/wp-json\/wp\/v2\/posts\/2372\/revisions"}],"predecessor-version":[{"id":2380,"href":"https:\/\/alaic.org\/pt\/wp-json\/wp\/v2\/posts\/2372\/revisions\/2380"}],"wp:featuredmedia":[{"embeddable":true,"href":"https:\/\/alaic.org\/pt\/wp-json\/wp\/v2\/media\/2377"}],"wp:attachment":[{"href":"https:\/\/alaic.org\/pt\/wp-json\/wp\/v2\/media?parent=2372"}],"wp:term":[{"taxonomy":"category","embeddable":true,"href":"https:\/\/alaic.org\/pt\/wp-json\/wp\/v2\/categories?post=2372"},{"taxonomy":"post_tag","embeddable":true,"href":"https:\/\/alaic.org\/pt\/wp-json\/wp\/v2\/tags?post=2372"}],"curies":[{"name":"wp","href":"https:\/\/api.w.org\/{rel}","templated":true}]}}