{"id":2367,"date":"2022-10-16T16:57:05","date_gmt":"2022-10-16T21:57:05","guid":{"rendered":"https:\/\/alaic.org\/?p=2367"},"modified":"2023-02-10T17:02:31","modified_gmt":"2023-02-10T22:02:31","slug":"convocatoria-a-la-asamblea-general-ordinaria-de-alaic","status":"publish","type":"post","link":"https:\/\/alaic.org\/pt\/convocatoria-a-la-asamblea-general-ordinaria-de-alaic\/","title":{"rendered":"CONVOCA\u00c7\u00c3O \u00c0 ASSEMBL\u00c9IA GERAL ORDIN\u00c1RIA DA ALAIC"},"content":{"rendered":"<div data-elementor-type=\"wp-post\" data-elementor-id=\"2367\" class=\"elementor elementor-2367\" data-elementor-post-type=\"post\">\n\t\t\t\t\t\t<section class=\"elementor-section elementor-top-section elementor-element elementor-element-d777b53 elementor-section-boxed elementor-section-height-default elementor-section-height-default\" data-id=\"d777b53\" data-element_type=\"section\">\n\t\t\t\t\t\t<div class=\"elementor-container elementor-column-gap-default\">\n\t\t\t\t\t<div class=\"elementor-column elementor-col-100 elementor-top-column elementor-element elementor-element-afec3e5 ot-flex-column-vertical\" data-id=\"afec3e5\" data-element_type=\"column\">\n\t\t\t<div class=\"elementor-widget-wrap elementor-element-populated\">\n\t\t\t\t\t\t<div class=\"elementor-element elementor-element-43edf23 elementor-widget elementor-widget-text-editor\" data-id=\"43edf23\" data-element_type=\"widget\" data-widget_type=\"text-editor.default\">\n\t\t\t\t<div class=\"elementor-widget-container\">\n\t\t\t<style>\/*! elementor - v3.21.0 - 24-04-2024 *\/\n.elementor-widget-text-editor.elementor-drop-cap-view-stacked .elementor-drop-cap{background-color:#69727d;color:#fff}.elementor-widget-text-editor.elementor-drop-cap-view-framed .elementor-drop-cap{color:#69727d;border:3px solid;background-color:transparent}.elementor-widget-text-editor:not(.elementor-drop-cap-view-default) .elementor-drop-cap{margin-top:8px}.elementor-widget-text-editor:not(.elementor-drop-cap-view-default) .elementor-drop-cap-letter{width:1em;height:1em}.elementor-widget-text-editor .elementor-drop-cap{float:left;text-align:center;line-height:1;font-size:50px}.elementor-widget-text-editor .elementor-drop-cap-letter{display:inline-block}<\/style>\t\t\t\t<h6>\u00a0<\/h6><h6>ASSEMBLEIA GERAL ANUAL DE CONCURSO<\/h6><p>\u00a0<\/p><h6>A ASSOCIA\u00c7\u00c3O LATINO-AMERICANA DE PESQUISADORES DE COMUNICA\u00c7\u00c3O (ALAIC), inscrita no CNPJ\/MF sob o n\u00ba 65.033.086\/0001-02, com sede na Avenida Professor L\u00facio Martins Rodrigues, 443, Cidade Universit\u00e1ria, S\u00e3o Paulo \u2013 SP \u2013 CEP 05508 - 020, neste ato, representado pelo Presidente, com base no Estatuto vigente, convida todos os interessados a participarem da ASSEMBL\u00c9IA GERAL ORDIN\u00c1RIA DE CONCURSO designada a:<br \/>\u00a0<\/h6><h6>Data: 7 de novembro de 2022<\/h6><h6>Hor\u00e1rio: 14h00 na primeira chamada<br \/>Hor\u00e1rio: 14h30 na segunda chamada<\/h6><h6>Local: Assembleia online com link dispon\u00edvel em:<br \/><a href=\"https:\/\/salavirtual-udelar.zoom.us\/j\/88187452280\">https:\/\/salavirtual-udelar.zoom.us\/j\/88187452280<\/a><\/h6><h6>1. Relat\u00f3rio dos membros da Diretoria da Associa\u00e7\u00e3o ALAIC em exerc\u00edcio e daqueles que perderam esta qualidade;<br \/>2. Submiss\u00e3o de pedidos de novos membros \u00e0 Assembleia para aprecia\u00e7\u00e3o; 3. Relat\u00f3rio sobre as atividades desenvolvidas pelo Conselho de Administra\u00e7\u00e3o entre 2020 e 2022;<br \/>4. Posicionamento do Conselho Fiscal sobre as a\u00e7\u00f5es realizadas;<br \/>5. Situa\u00e7\u00e3o dos Grupos Tem\u00e1ticos (GT) e Grupos de Interesse e propostas para atualiza\u00e7\u00e3o da lista de GTs;<br \/>6. Situa\u00e7\u00e3o dos Cap\u00edtulos Regionais;<br \/>7. Elei\u00e7\u00e3o, posse do novo Conselho de Administra\u00e7\u00e3o da ALAIC e plano de atividades para o per\u00edodo 2022-2026;<br \/>8. Assuntos propostos pelos Associados e\/ou pela Diretoria da ALAIC;<br \/>9. Informa\u00e7\u00f5es sobre os pr\u00f3ximos eventos da ALAIC;<br \/>10. Leitura e aprova\u00e7\u00e3o das atas das Assembleias realizadas em 2022.el<\/h6>\t\t\t\t\t\t<\/div>\n\t\t\t\t<\/div>\n\t\t\t\t<div class=\"elementor-element elementor-element-a2b052f elementor-widget elementor-widget-spacer\" data-id=\"a2b052f\" data-element_type=\"widget\" data-widget_type=\"spacer.default\">\n\t\t\t\t<div class=\"elementor-widget-container\">\n\t\t\t<style>\/*! elementor - v3.21.0 - 24-04-2024 *\/\n.elementor-column .elementor-spacer-inner{height:var(--spacer-size)}.e-con{--container-widget-width:100%}.e-con-inner>.elementor-widget-spacer,.e-con>.elementor-widget-spacer{width:var(--container-widget-width,var(--spacer-size));--align-self:var(--container-widget-align-self,initial);--flex-shrink:0}.e-con-inner>.elementor-widget-spacer>.elementor-widget-container,.e-con>.elementor-widget-spacer>.elementor-widget-container{height:100%;width:100%}.e-con-inner>.elementor-widget-spacer>.elementor-widget-container>.elementor-spacer,.e-con>.elementor-widget-spacer>.elementor-widget-container>.elementor-spacer{height:100%}.e-con-inner>.elementor-widget-spacer>.elementor-widget-container>.elementor-spacer>.elementor-spacer-inner,.e-con>.elementor-widget-spacer>.elementor-widget-container>.elementor-spacer>.elementor-spacer-inner{height:var(--container-widget-height,var(--spacer-size))}.e-con-inner>.elementor-widget-spacer.elementor-widget-empty,.e-con>.elementor-widget-spacer.elementor-widget-empty{position:relative;min-height:22px;min-width:22px}.e-con-inner>.elementor-widget-spacer.elementor-widget-empty .elementor-widget-empty-icon,.e-con>.elementor-widget-spacer.elementor-widget-empty .elementor-widget-empty-icon{position:absolute;top:0;bottom:0;left:0;right:0;margin:auto;padding:0;width:22px;height:22px}<\/style>\t\t<div class=\"elementor-spacer\">\n\t\t\t<div class=\"elementor-spacer-inner\"><\/div>\n\t\t<\/div>\n\t\t\t\t<\/div>\n\t\t\t\t<\/div>\n\t\t\t\t<div class=\"elementor-element elementor-element-460b673 elementor-widget elementor-widget-button\" data-id=\"460b673\" data-element_type=\"widget\" data-widget_type=\"button.default\">\n\t\t\t\t<div class=\"elementor-widget-container\">\n\t\t\t\t\t<div class=\"elementor-button-wrapper\">\n\t\t\t<a class=\"elementor-button elementor-button-link elementor-size-sm\" href=\"https:\/\/www.alaic.org\/wp-content\/uploads\/2022\/10\/ALAIC-2022-Propuestas-de-nuevos-GT-y-fusiones.pdf\">\n\t\t\t\t\t\t<span class=\"elementor-button-content-wrapper\">\n\t\t\t\t\t\t\t\t\t<span class=\"elementor-button-text\">PROPOSTA DE FUS\u00c3O GT<\/span>\n\t\t\t\t\t<\/span>\n\t\t\t\t\t<\/a>\n\t\t<\/div>\n\t\t\t\t<\/div>\n\t\t\t\t<\/div>\n\t\t\t\t<div class=\"elementor-element elementor-element-0b1f6fc elementor-align-right elementor-widget elementor-widget-button\" data-id=\"0b1f6fc\" data-element_type=\"widget\" data-widget_type=\"button.default\">\n\t\t\t\t<div class=\"elementor-widget-container\">\n\t\t\t\t\t<div class=\"elementor-button-wrapper\">\n\t\t\t<a class=\"elementor-button elementor-button-link elementor-size-sm\" href=\"https:\/\/salavirtual-udelar.zoom.us\/j\/88187452280\">\n\t\t\t\t\t\t<span class=\"elementor-button-content-wrapper\">\n\t\t\t\t\t\t\t\t\t<span class=\"elementor-button-text\"> LINK PARA ENTRAR NA ASSEMBL\u00c9IA ALAICA<\/span>\n\t\t\t\t\t<\/span>\n\t\t\t\t\t<\/a>\n\t\t<\/div>\n\t\t\t\t<\/div>\n\t\t\t\t<\/div>\n\t\t\t\t<div class=\"elementor-element elementor-element-1df30c5 elementor-widget elementor-widget-spacer\" data-id=\"1df30c5\" data-element_type=\"widget\" data-widget_type=\"spacer.default\">\n\t\t\t\t<div class=\"elementor-widget-container\">\n\t\t\t\t\t<div class=\"elementor-spacer\">\n\t\t\t<div class=\"elementor-spacer-inner\"><\/div>\n\t\t<\/div>\n\t\t\t\t<\/div>\n\t\t\t\t<\/div>\n\t\t\t\t\t<\/div>\n\t\t<\/div>\n\t\t\t\t\t<\/div>\n\t\t<\/section>\n\t\t\t\t<\/div>","protected":false},"excerpt":{"rendered":"<p>\u00a0 ASSEMBLEIA GERAL ANUAL DE LICITA\u00c7\u00d5ES DA ASSOCIA\u00c7\u00c3O LATINO-AMERICANA DE PESQUISADORES DE COMUNICA\u00c7\u00c3O (ALAIC), inscrita no CNPJ\/MF sob n\u00ba 65.033.086\/0001-02, com sede na Avenida Professor L\u00facio Martins Rodrigues, 443, Cidade Universit\u00e1ria, S\u00e3o Paulo \u2013 SP \u2013 CEP 05508-020, neste ato, representado pelo Presidente, com base no Estatuto vigente, convida todos os interessados a participarem [\u2026]<\/p>","protected":false},"author":4,"featured_media":2368,"comment_status":"open","ping_status":"open","sticky":false,"template":"","format":"standard","meta":{"_bbp_topic_count":0,"_bbp_reply_count":0,"_bbp_total_topic_count":0,"_bbp_total_reply_count":0,"_bbp_voice_count":0,"_bbp_anonymous_reply_count":0,"_bbp_topic_count_hidden":0,"_bbp_reply_count_hidden":0,"_bbp_forum_subforum_count":0,"footnotes":""},"categories":[27],"tags":[],"yoast_head":"<!-- This site is optimized with the Yoast SEO plugin v22.5 - https:\/\/yoast.com\/wordpress\/plugins\/seo\/ -->\n<title>CONVOCATORIA A LA ASAMBLEA GENERAL ORDINARIA DE ALAIC - Alaic<\/title>\n<meta name=\"robots\" content=\"index, follow, max-snippet:-1, max-image-preview:large, max-video-preview:-1\" \/>\n<link rel=\"canonical\" href=\"https:\/\/alaic.org\/pt\/convocatoria-a-la-asamblea-general-ordinaria-de-alaic\/\" \/>\n<meta property=\"og:locale\" content=\"pt_BR\" \/>\n<meta property=\"og:type\" content=\"article\" \/>\n<meta property=\"og:title\" content=\"CONVOCATORIA A LA ASAMBLEA GENERAL ORDINARIA DE ALAIC - Alaic\" \/>\n<meta property=\"og:description\" content=\"\u00a0 JUNTA GENERAL ANUAL DE LICITACIONES \u00a0 LA ASOCIACI\u00d3N LATINOAMERICANA DE INVESTIGADORES DE\u00a0COMUNICACI\u00d3N (ALAIC), registrado en el CNPJ\/MF bajo el N\u00b065.033.086\/0001-02,\u00a0con sede en Avenida Profesor L\u00facio Martins Rodrigues, 443, Cidade\u00a0Universit\u00e1ria, S\u00e3o Paulo \u2013 SP \u2013 CEP 05508-020, en este acto, representada por el\u00a0Presidente, con base en el Estatuto vigente, invita a todos\u00a0los interesados\u00a0para participar en [&hellip;]\" \/>\n<meta property=\"og:url\" content=\"https:\/\/alaic.org\/pt\/convocatoria-a-la-asamblea-general-ordinaria-de-alaic\/\" \/>\n<meta property=\"og:site_name\" content=\"Alaic\" \/>\n<meta property=\"article:published_time\" content=\"2022-10-16T21:57:05+00:00\" \/>\n<meta property=\"article:modified_time\" content=\"2023-02-10T22:02:31+00:00\" \/>\n<meta property=\"og:image\" content=\"https:\/\/alaic.org\/wp-content\/uploads\/2023\/02\/imagen_2023-02-10_165730016.png\" \/>\n\t<meta property=\"og:image:width\" content=\"1080\" \/>\n\t<meta property=\"og:image:height\" content=\"1080\" \/>\n\t<meta property=\"og:image:type\" content=\"image\/png\" \/>\n<meta name=\"author\" content=\"Mar\u00eda Camila S\u00e1nchez Delgado\" \/>\n<meta name=\"twitter:card\" content=\"summary_large_image\" \/>\n<meta name=\"twitter:label1\" content=\"Escrito por\" \/>\n\t<meta name=\"twitter:data1\" content=\"Mar\u00eda Camila S\u00e1nchez Delgado\" \/>\n\t<meta name=\"twitter:label2\" content=\"Est. tempo de leitura\" \/>\n\t<meta name=\"twitter:data2\" content=\"1 minuto\" \/>\n<script type=\"application\/ld+json\" class=\"yoast-schema-graph\">{\"@context\":\"https:\/\/schema.org\",\"@graph\":[{\"@type\":\"Article\",\"@id\":\"https:\/\/alaic.org\/convocatoria-a-la-asamblea-general-ordinaria-de-alaic\/#article\",\"isPartOf\":{\"@id\":\"https:\/\/alaic.org\/convocatoria-a-la-asamblea-general-ordinaria-de-alaic\/\"},\"author\":{\"name\":\"Mar\u00eda Camila S\u00e1nchez Delgado\",\"@id\":\"https:\/\/alaic.org\/#\/schema\/person\/0a33842a0f2ba664f0c5a5e1beb19a23\"},\"headline\":\"CONVOCATORIA A LA ASAMBLEA GENERAL ORDINARIA DE ALAIC\",\"datePublished\":\"2022-10-16T21:57:05+00:00\",\"dateModified\":\"2023-02-10T22:02:31+00:00\",\"mainEntityOfPage\":{\"@id\":\"https:\/\/alaic.org\/convocatoria-a-la-asamblea-general-ordinaria-de-alaic\/\"},\"wordCount\":248,\"commentCount\":0,\"publisher\":{\"@id\":\"https:\/\/alaic.org\/#organization\"},\"image\":{\"@id\":\"https:\/\/alaic.org\/convocatoria-a-la-asamblea-general-ordinaria-de-alaic\/#primaryimage\"},\"thumbnailUrl\":\"https:\/\/alaic.org\/wp-content\/uploads\/2023\/02\/imagen_2023-02-10_165730016.png\",\"articleSection\":[\"NOT\u00cdCIAS\"],\"inLanguage\":\"pt-BR\",\"potentialAction\":[{\"@type\":\"CommentAction\",\"name\":\"Comment\",\"target\":[\"https:\/\/alaic.org\/convocatoria-a-la-asamblea-general-ordinaria-de-alaic\/#respond\"]}]},{\"@type\":\"WebPage\",\"@id\":\"https:\/\/alaic.org\/convocatoria-a-la-asamblea-general-ordinaria-de-alaic\/\",\"url\":\"https:\/\/alaic.org\/convocatoria-a-la-asamblea-general-ordinaria-de-alaic\/\",\"name\":\"CONVOCATORIA A LA ASAMBLEA GENERAL ORDINARIA DE ALAIC - Alaic\",\"isPartOf\":{\"@id\":\"https:\/\/alaic.org\/#website\"},\"primaryImageOfPage\":{\"@id\":\"https:\/\/alaic.org\/convocatoria-a-la-asamblea-general-ordinaria-de-alaic\/#primaryimage\"},\"image\":{\"@id\":\"https:\/\/alaic.org\/convocatoria-a-la-asamblea-general-ordinaria-de-alaic\/#primaryimage\"},\"thumbnailUrl\":\"https:\/\/alaic.org\/wp-content\/uploads\/2023\/02\/imagen_2023-02-10_165730016.png\",\"datePublished\":\"2022-10-16T21:57:05+00:00\",\"dateModified\":\"2023-02-10T22:02:31+00:00\",\"breadcrumb\":{\"@id\":\"https:\/\/alaic.org\/convocatoria-a-la-asamblea-general-ordinaria-de-alaic\/#breadcrumb\"},\"inLanguage\":\"pt-BR\",\"potentialAction\":[{\"@type\":\"ReadAction\",\"target\":[\"https:\/\/alaic.org\/convocatoria-a-la-asamblea-general-ordinaria-de-alaic\/\"]}]},{\"@type\":\"ImageObject\",\"inLanguage\":\"pt-BR\",\"@id\":\"https:\/\/alaic.org\/convocatoria-a-la-asamblea-general-ordinaria-de-alaic\/#primaryimage\",\"url\":\"https:\/\/alaic.org\/wp-content\/uploads\/2023\/02\/imagen_2023-02-10_165730016.png\",\"contentUrl\":\"https:\/\/alaic.org\/wp-content\/uploads\/2023\/02\/imagen_2023-02-10_165730016.png\",\"width\":1080,\"height\":1080},{\"@type\":\"BreadcrumbList\",\"@id\":\"https:\/\/alaic.org\/convocatoria-a-la-asamblea-general-ordinaria-de-alaic\/#breadcrumb\",\"itemListElement\":[{\"@type\":\"ListItem\",\"position\":1,\"name\":\"Portada\",\"item\":\"https:\/\/alaic.org\/\"},{\"@type\":\"ListItem\",\"position\":2,\"name\":\"CONVOCATORIA A LA ASAMBLEA GENERAL ORDINARIA DE ALAIC\"}]},{\"@type\":\"WebSite\",\"@id\":\"https:\/\/alaic.org\/#website\",\"url\":\"https:\/\/alaic.org\/\",\"name\":\"Alaic\",\"description\":\"Asociaci\u00f3n Latinoamericana de Investigadores de la Comunicaci\u00f3n\",\"publisher\":{\"@id\":\"https:\/\/alaic.org\/#organization\"},\"potentialAction\":[{\"@type\":\"SearchAction\",\"target\":{\"@type\":\"EntryPoint\",\"urlTemplate\":\"https:\/\/alaic.org\/?s={search_term_string}\"},\"query-input\":\"required name=search_term_string\"}],\"inLanguage\":\"pt-BR\"},{\"@type\":\"Organization\",\"@id\":\"https:\/\/alaic.org\/#organization\",\"name\":\"Alaic\",\"url\":\"https:\/\/alaic.org\/\",\"logo\":{\"@type\":\"ImageObject\",\"inLanguage\":\"pt-BR\",\"@id\":\"https:\/\/alaic.org\/#\/schema\/logo\/image\/\",\"url\":\"https:\/\/alaic.org\/wp-content\/uploads\/2023\/02\/imagen_2023-02-16_090402780.png\",\"contentUrl\":\"https:\/\/alaic.org\/wp-content\/uploads\/2023\/02\/imagen_2023-02-16_090402780.png\",\"width\":1220,\"height\":417,\"caption\":\"Alaic\"},\"image\":{\"@id\":\"https:\/\/alaic.org\/#\/schema\/logo\/image\/\"}},{\"@type\":\"Person\",\"@id\":\"https:\/\/alaic.org\/#\/schema\/person\/0a33842a0f2ba664f0c5a5e1beb19a23\",\"name\":\"Mar\u00eda Camila S\u00e1nchez Delgado\",\"image\":{\"@type\":\"ImageObject\",\"inLanguage\":\"pt-BR\",\"@id\":\"https:\/\/alaic.org\/#\/schema\/person\/image\/\",\"url\":\"https:\/\/alaic.org\/wp-content\/plugins\/buddypress\/bp-core\/images\/mystery-man.jpg\",\"contentUrl\":\"https:\/\/alaic.org\/wp-content\/plugins\/buddypress\/bp-core\/images\/mystery-man.jpg\",\"caption\":\"Mar\u00eda Camila S\u00e1nchez Delgado\"},\"url\":\"https:\/\/alaic.org\/pt\/miembros\/msanchezdcamilagmail-com\"}]}<\/script>\n<!-- \/ Yoast SEO plugin. -->","yoast_head_json":{"title":"CONVOCATORIA A LA ASAMBLEA GENERAL ORDINARIA DE ALAIC - Alaic","robots":{"index":"index","follow":"follow","max-snippet":"max-snippet:-1","max-image-preview":"max-image-preview:large","max-video-preview":"max-video-preview:-1"},"canonical":"https:\/\/alaic.org\/pt\/convocatoria-a-la-asamblea-general-ordinaria-de-alaic\/","og_locale":"pt_BR","og_type":"article","og_title":"CONVOCATORIA A LA ASAMBLEA GENERAL ORDINARIA DE ALAIC - Alaic","og_description":"\u00a0 JUNTA GENERAL ANUAL DE LICITACIONES \u00a0 LA ASOCIACI\u00d3N LATINOAMERICANA DE INVESTIGADORES DE\u00a0COMUNICACI\u00d3N (ALAIC), registrado en el CNPJ\/MF bajo el N\u00b065.033.086\/0001-02,\u00a0con sede en Avenida Profesor L\u00facio Martins Rodrigues, 443, Cidade\u00a0Universit\u00e1ria, S\u00e3o Paulo \u2013 SP \u2013 CEP 05508-020, en este acto, representada por el\u00a0Presidente, con base en el Estatuto vigente, invita a todos\u00a0los interesados\u00a0para participar en [&hellip;]","og_url":"https:\/\/alaic.org\/pt\/convocatoria-a-la-asamblea-general-ordinaria-de-alaic\/","og_site_name":"Alaic","article_published_time":"2022-10-16T21:57:05+00:00","article_modified_time":"2023-02-10T22:02:31+00:00","og_image":[{"width":1080,"height":1080,"url":"https:\/\/alaic.org\/wp-content\/uploads\/2023\/02\/imagen_2023-02-10_165730016.png","type":"image\/png"}],"author":"Mar\u00eda Camila S\u00e1nchez Delgado","twitter_card":"summary_large_image","twitter_misc":{"Escrito por":"Mar\u00eda Camila S\u00e1nchez Delgado","Est. tempo de leitura":"1 minuto"},"schema":{"@context":"https:\/\/schema.org","@graph":[{"@type":"Article","@id":"https:\/\/alaic.org\/convocatoria-a-la-asamblea-general-ordinaria-de-alaic\/#article","isPartOf":{"@id":"https:\/\/alaic.org\/convocatoria-a-la-asamblea-general-ordinaria-de-alaic\/"},"author":{"name":"Mar\u00eda Camila S\u00e1nchez Delgado","@id":"https:\/\/alaic.org\/#\/schema\/person\/0a33842a0f2ba664f0c5a5e1beb19a23"},"headline":"CONVOCATORIA A LA ASAMBLEA GENERAL ORDINARIA DE ALAIC","datePublished":"2022-10-16T21:57:05+00:00","dateModified":"2023-02-10T22:02:31+00:00","mainEntityOfPage":{"@id":"https:\/\/alaic.org\/convocatoria-a-la-asamblea-general-ordinaria-de-alaic\/"},"wordCount":248,"commentCount":0,"publisher":{"@id":"https:\/\/alaic.org\/#organization"},"image":{"@id":"https:\/\/alaic.org\/convocatoria-a-la-asamblea-general-ordinaria-de-alaic\/#primaryimage"},"thumbnailUrl":"https:\/\/alaic.org\/wp-content\/uploads\/2023\/02\/imagen_2023-02-10_165730016.png","articleSection":["NOT\u00cdCIAS"],"inLanguage":"pt-BR","potentialAction":[{"@type":"CommentAction","name":"Comment","target":["https:\/\/alaic.org\/convocatoria-a-la-asamblea-general-ordinaria-de-alaic\/#respond"]}]},{"@type":"WebPage","@id":"https:\/\/alaic.org\/convocatoria-a-la-asamblea-general-ordinaria-de-alaic\/","url":"https:\/\/alaic.org\/convocatoria-a-la-asamblea-general-ordinaria-de-alaic\/","name":"CONVOCATORIA A LA ASAMBLEA GENERAL ORDINARIA DE ALAIC - Alaic","isPartOf":{"@id":"https:\/\/alaic.org\/#website"},"primaryImageOfPage":{"@id":"https:\/\/alaic.org\/convocatoria-a-la-asamblea-general-ordinaria-de-alaic\/#primaryimage"},"image":{"@id":"https:\/\/alaic.org\/convocatoria-a-la-asamblea-general-ordinaria-de-alaic\/#primaryimage"},"thumbnailUrl":"https:\/\/alaic.org\/wp-content\/uploads\/2023\/02\/imagen_2023-02-10_165730016.png","datePublished":"2022-10-16T21:57:05+00:00","dateModified":"2023-02-10T22:02:31+00:00","breadcrumb":{"@id":"https:\/\/alaic.org\/convocatoria-a-la-asamblea-general-ordinaria-de-alaic\/#breadcrumb"},"inLanguage":"pt-BR","potentialAction":[{"@type":"ReadAction","target":["https:\/\/alaic.org\/convocatoria-a-la-asamblea-general-ordinaria-de-alaic\/"]}]},{"@type":"ImageObject","inLanguage":"pt-BR","@id":"https:\/\/alaic.org\/convocatoria-a-la-asamblea-general-ordinaria-de-alaic\/#primaryimage","url":"https:\/\/alaic.org\/wp-content\/uploads\/2023\/02\/imagen_2023-02-10_165730016.png","contentUrl":"https:\/\/alaic.org\/wp-content\/uploads\/2023\/02\/imagen_2023-02-10_165730016.png","width":1080,"height":1080},{"@type":"BreadcrumbList","@id":"https:\/\/alaic.org\/convocatoria-a-la-asamblea-general-ordinaria-de-alaic\/#breadcrumb","itemListElement":[{"@type":"ListItem","position":1,"name":"Portada","item":"https:\/\/alaic.org\/"},{"@type":"ListItem","position":2,"name":"CONVOCATORIA A LA ASAMBLEA GENERAL ORDINARIA DE ALAIC"}]},{"@type":"WebSite","@id":"https:\/\/alaic.org\/#website","url":"https:\/\/alaic.org\/","name":"Alaic","description":"Asociaci\u00f3n Latinoamericana de Investigadores de la Comunicaci\u00f3n","publisher":{"@id":"https:\/\/alaic.org\/#organization"},"potentialAction":[{"@type":"SearchAction","target":{"@type":"EntryPoint","urlTemplate":"https:\/\/alaic.org\/?s={search_term_string}"},"query-input":"required name=search_term_string"}],"inLanguage":"pt-BR"},{"@type":"Organization","@id":"https:\/\/alaic.org\/#organization","name":"Alaic","url":"https:\/\/alaic.org\/","logo":{"@type":"ImageObject","inLanguage":"pt-BR","@id":"https:\/\/alaic.org\/#\/schema\/logo\/image\/","url":"https:\/\/alaic.org\/wp-content\/uploads\/2023\/02\/imagen_2023-02-16_090402780.png","contentUrl":"https:\/\/alaic.org\/wp-content\/uploads\/2023\/02\/imagen_2023-02-16_090402780.png","width":1220,"height":417,"caption":"Alaic"},"image":{"@id":"https:\/\/alaic.org\/#\/schema\/logo\/image\/"}},{"@type":"Person","@id":"https:\/\/alaic.org\/#\/schema\/person\/0a33842a0f2ba664f0c5a5e1beb19a23","name":"Mar\u00eda Camila S\u00e1nchez Delgado","image":{"@type":"ImageObject","inLanguage":"pt-BR","@id":"https:\/\/alaic.org\/#\/schema\/person\/image\/","url":"https:\/\/alaic.org\/wp-content\/plugins\/buddypress\/bp-core\/images\/mystery-man.jpg","contentUrl":"https:\/\/alaic.org\/wp-content\/plugins\/buddypress\/bp-core\/images\/mystery-man.jpg","caption":"Mar\u00eda Camila S\u00e1nchez Delgado"},"url":"https:\/\/alaic.org\/pt\/miembros\/msanchezdcamilagmail-com"}]}},"_links":{"self":[{"href":"https:\/\/alaic.org\/pt\/wp-json\/wp\/v2\/posts\/2367"}],"collection":[{"href":"https:\/\/alaic.org\/pt\/wp-json\/wp\/v2\/posts"}],"about":[{"href":"https:\/\/alaic.org\/pt\/wp-json\/wp\/v2\/types\/post"}],"author":[{"embeddable":true,"href":"https:\/\/alaic.org\/pt\/wp-json\/wp\/v2\/users\/4"}],"replies":[{"embeddable":true,"href":"https:\/\/alaic.org\/pt\/wp-json\/wp\/v2\/comments?post=2367"}],"version-history":[{"count":3,"href":"https:\/\/alaic.org\/pt\/wp-json\/wp\/v2\/posts\/2367\/revisions"}],"predecessor-version":[{"id":2371,"href":"https:\/\/alaic.org\/pt\/wp-json\/wp\/v2\/posts\/2367\/revisions\/2371"}],"wp:featuredmedia":[{"embeddable":true,"href":"https:\/\/alaic.org\/pt\/wp-json\/wp\/v2\/media\/2368"}],"wp:attachment":[{"href":"https:\/\/alaic.org\/pt\/wp-json\/wp\/v2\/media?parent=2367"}],"wp:term":[{"taxonomy":"category","embeddable":true,"href":"https:\/\/alaic.org\/pt\/wp-json\/wp\/v2\/categories?post=2367"},{"taxonomy":"post_tag","embeddable":true,"href":"https:\/\/alaic.org\/pt\/wp-json\/wp\/v2\/tags?post=2367"}],"curies":[{"name":"wp","href":"https:\/\/api.w.org\/{rel}","templated":true}]}}