{"id":2287,"date":"2022-03-10T15:35:51","date_gmt":"2022-03-10T20:35:51","guid":{"rendered":"https:\/\/alaic.org\/?p=2287"},"modified":"2023-02-10T15:36:21","modified_gmt":"2023-02-10T20:36:21","slug":"expresiones-culturales-y-comunicacionales-en-la-revista-alaic-numero-38","status":"publish","type":"post","link":"https:\/\/alaic.org\/pt\/expresiones-culturales-y-comunicacionales-en-la-revista-alaic-numero-38\/","title":{"rendered":"Express\u00f5es Culturais e Comunicacionais na Revista ALAIC, N\u00famero 38"},"content":{"rendered":"<div data-elementor-type=\"wp-post\" data-elementor-id=\"2287\" class=\"elementor elementor-2287\" data-elementor-post-type=\"post\">\n\t\t\t\t\t\t<section class=\"elementor-section elementor-top-section elementor-element elementor-element-2397e64 elementor-section-boxed elementor-section-height-default elementor-section-height-default\" data-id=\"2397e64\" data-element_type=\"section\">\n\t\t\t\t\t\t<div class=\"elementor-container elementor-column-gap-default\">\n\t\t\t\t\t<div class=\"elementor-column elementor-col-100 elementor-top-column elementor-element elementor-element-5e37ae8 ot-flex-column-vertical\" data-id=\"5e37ae8\" data-element_type=\"column\">\n\t\t\t<div class=\"elementor-widget-wrap elementor-element-populated\">\n\t\t\t\t\t\t<div class=\"elementor-element elementor-element-64f7777 elementor-widget elementor-widget-image\" data-id=\"64f7777\" data-element_type=\"widget\" data-widget_type=\"image.default\">\n\t\t\t\t<div class=\"elementor-widget-container\">\n\t\t\t<style>\/*! elementor - v3.21.0 - 24-04-2024 *\/\n.elementor-widget-image{text-align:center}.elementor-widget-image a{display:inline-block}.elementor-widget-image a img[src$=\".svg\"]{width:48px}.elementor-widget-image img{vertical-align:middle;display:inline-block}<\/style>\t\t\t\t\t\t\t\t\t\t<img fetchpriority=\"high\" decoding=\"async\" width=\"750\" height=\"497\" src=\"https:\/\/alaic.org\/wp-content\/uploads\/2023\/02\/Noticia1.jpg\" class=\"attachment-large size-large wp-image-2289\" alt=\"\" srcset=\"https:\/\/alaic.org\/wp-content\/uploads\/2023\/02\/Noticia1.jpg 750w, https:\/\/alaic.org\/wp-content\/uploads\/2023\/02\/Noticia1-300x199.jpg 300w\" sizes=\"(max-width: 750px) 100vw, 750px\" \/>\t\t\t\t\t\t\t\t\t\t\t\t\t<\/div>\n\t\t\t\t<\/div>\n\t\t\t\t<div class=\"elementor-element elementor-element-b3e81b6 elementor-widget elementor-widget-spacer\" data-id=\"b3e81b6\" data-element_type=\"widget\" data-widget_type=\"spacer.default\">\n\t\t\t\t<div class=\"elementor-widget-container\">\n\t\t\t<style>\/*! elementor - v3.21.0 - 24-04-2024 *\/\n.elementor-column .elementor-spacer-inner{height:var(--spacer-size)}.e-con{--container-widget-width:100%}.e-con-inner>.elementor-widget-spacer,.e-con>.elementor-widget-spacer{width:var(--container-widget-width,var(--spacer-size));--align-self:var(--container-widget-align-self,initial);--flex-shrink:0}.e-con-inner>.elementor-widget-spacer>.elementor-widget-container,.e-con>.elementor-widget-spacer>.elementor-widget-container{height:100%;width:100%}.e-con-inner>.elementor-widget-spacer>.elementor-widget-container>.elementor-spacer,.e-con>.elementor-widget-spacer>.elementor-widget-container>.elementor-spacer{height:100%}.e-con-inner>.elementor-widget-spacer>.elementor-widget-container>.elementor-spacer>.elementor-spacer-inner,.e-con>.elementor-widget-spacer>.elementor-widget-container>.elementor-spacer>.elementor-spacer-inner{height:var(--container-widget-height,var(--spacer-size))}.e-con-inner>.elementor-widget-spacer.elementor-widget-empty,.e-con>.elementor-widget-spacer.elementor-widget-empty{position:relative;min-height:22px;min-width:22px}.e-con-inner>.elementor-widget-spacer.elementor-widget-empty .elementor-widget-empty-icon,.e-con>.elementor-widget-spacer.elementor-widget-empty .elementor-widget-empty-icon{position:absolute;top:0;bottom:0;left:0;right:0;margin:auto;padding:0;width:22px;height:22px}<\/style>\t\t<div class=\"elementor-spacer\">\n\t\t\t<div class=\"elementor-spacer-inner\"><\/div>\n\t\t<\/div>\n\t\t\t\t<\/div>\n\t\t\t\t<\/div>\n\t\t\t\t\t<\/div>\n\t\t<\/div>\n\t\t\t\t\t<\/div>\n\t\t<\/section>\n\t\t\t\t<section class=\"elementor-section elementor-top-section elementor-element elementor-element-c81e57b elementor-section-boxed elementor-section-height-default elementor-section-height-default\" data-id=\"c81e57b\" data-element_type=\"section\">\n\t\t\t\t\t\t<div class=\"elementor-container elementor-column-gap-default\">\n\t\t\t\t\t<div class=\"elementor-column elementor-col-100 elementor-top-column elementor-element elementor-element-be5e8c8 ot-flex-column-vertical\" data-id=\"be5e8c8\" data-element_type=\"column\">\n\t\t\t<div class=\"elementor-widget-wrap elementor-element-populated\">\n\t\t\t\t\t\t<div class=\"elementor-element elementor-element-bc14596 elementor-widget elementor-widget-text-editor\" data-id=\"bc14596\" data-element_type=\"widget\" data-widget_type=\"text-editor.default\">\n\t\t\t\t<div class=\"elementor-widget-container\">\n\t\t\t<style>\/*! elementor - v3.21.0 - 24-04-2024 *\/\n.elementor-widget-text-editor.elementor-drop-cap-view-stacked .elementor-drop-cap{background-color:#69727d;color:#fff}.elementor-widget-text-editor.elementor-drop-cap-view-framed .elementor-drop-cap{color:#69727d;border:3px solid;background-color:transparent}.elementor-widget-text-editor:not(.elementor-drop-cap-view-default) .elementor-drop-cap{margin-top:8px}.elementor-widget-text-editor:not(.elementor-drop-cap-view-default) .elementor-drop-cap-letter{width:1em;height:1em}.elementor-widget-text-editor .elementor-drop-cap{float:left;text-align:center;line-height:1;font-size:50px}.elementor-widget-text-editor .elementor-drop-cap-letter{display:inline-block}<\/style>\t\t\t\t<p><span style=\"color: #5f5f5f; text-align: justify;\">Com o dossi\u00ea\u00a0<\/span><em style=\"color: #5f5f5f; text-align: justify;\"><strong>\u201cComunica\u00e7\u00e3o intercultural e comunica\u00e7\u00e3o popular\u201d,<\/strong><\/em><span style=\"color: #5f5f5f; text-align: justify;\">\u00a0A revista traz artigos de pesquisadores de toda a Am\u00e9rica Latina, al\u00e9m de uma entrevista com Jorge A. Gonz\u00e1lez, pesquisador da Universidade Nacional Aut\u00f4noma do M\u00e9xico.<\/span><\/p>\t\t\t\t\t\t<\/div>\n\t\t\t\t<\/div>\n\t\t\t\t<div class=\"elementor-element elementor-element-2490f50 elementor-widget elementor-widget-spacer\" data-id=\"2490f50\" data-element_type=\"widget\" data-widget_type=\"spacer.default\">\n\t\t\t\t<div class=\"elementor-widget-container\">\n\t\t\t\t\t<div class=\"elementor-spacer\">\n\t\t\t<div class=\"elementor-spacer-inner\"><\/div>\n\t\t<\/div>\n\t\t\t\t<\/div>\n\t\t\t\t<\/div>\n\t\t\t\t\t<\/div>\n\t\t<\/div>\n\t\t\t\t\t<\/div>\n\t\t<\/section>\n\t\t\t\t<section class=\"elementor-section elementor-top-section elementor-element elementor-element-71c60c0 elementor-section-boxed elementor-section-height-default elementor-section-height-default\" data-id=\"71c60c0\" data-element_type=\"section\">\n\t\t\t\t\t\t<div class=\"elementor-container elementor-column-gap-default\">\n\t\t\t\t\t<div class=\"elementor-column elementor-col-100 elementor-top-column elementor-element elementor-element-acdbf79 ot-flex-column-vertical\" data-id=\"acdbf79\" data-element_type=\"column\">\n\t\t\t<div class=\"elementor-widget-wrap elementor-element-populated\">\n\t\t\t\t\t\t<div class=\"elementor-element elementor-element-6e8f838 elementor-widget elementor-widget-button\" data-id=\"6e8f838\" data-element_type=\"widget\" data-widget_type=\"button.default\">\n\t\t\t\t<div class=\"elementor-widget-container\">\n\t\t\t\t\t<div class=\"elementor-button-wrapper\">\n\t\t\t<a class=\"elementor-button elementor-button-link elementor-size-sm\" href=\"#\">\n\t\t\t\t\t\t<span class=\"elementor-button-content-wrapper\">\n\t\t\t\t\t\t\t\t\t<span class=\"elementor-button-text\">NOSSAS NOT\u00cdCIAS<\/span>\n\t\t\t\t\t<\/span>\n\t\t\t\t\t<\/a>\n\t\t<\/div>\n\t\t\t\t<\/div>\n\t\t\t\t<\/div>\n\t\t\t\t\t<\/div>\n\t\t<\/div>\n\t\t\t\t\t<\/div>\n\t\t<\/section>\n\t\t\t\t<section class=\"elementor-section elementor-top-section elementor-element elementor-element-5edebad elementor-section-boxed elementor-section-height-default elementor-section-height-default\" data-id=\"5edebad\" data-element_type=\"section\">\n\t\t\t\t\t\t<div class=\"elementor-container elementor-column-gap-default\">\n\t\t\t\t\t<div class=\"elementor-column elementor-col-100 elementor-top-column elementor-element elementor-element-5896bed ot-flex-column-vertical\" data-id=\"5896bed\" data-element_type=\"column\">\n\t\t\t<div class=\"elementor-widget-wrap elementor-element-populated\">\n\t\t\t\t\t\t<div class=\"elementor-element elementor-element-846b704 elementor-widget elementor-widget-spacer\" data-id=\"846b704\" data-element_type=\"widget\" data-widget_type=\"spacer.default\">\n\t\t\t\t<div class=\"elementor-widget-container\">\n\t\t\t\t\t<div class=\"elementor-spacer\">\n\t\t\t<div class=\"elementor-spacer-inner\"><\/div>\n\t\t<\/div>\n\t\t\t\t<\/div>\n\t\t\t\t<\/div>\n\t\t\t\t<div class=\"elementor-element elementor-element-d599e7d elementor-widget elementor-widget-heading\" data-id=\"d599e7d\" data-element_type=\"widget\" data-widget_type=\"heading.default\">\n\t\t\t\t<div class=\"elementor-widget-container\">\n\t\t\t<style>\/*! elementor - v3.21.0 - 24-04-2024 *\/\n.elementor-heading-title{padding:0;margin:0;line-height:1}.elementor-widget-heading .elementor-heading-title[class*=elementor-size-]>a{color:inherit;font-size:inherit;line-height:inherit}.elementor-widget-heading .elementor-heading-title.elementor-size-small{font-size:15px}.elementor-widget-heading .elementor-heading-title.elementor-size-medium{font-size:19px}.elementor-widget-heading .elementor-heading-title.elementor-size-large{font-size:29px}.elementor-widget-heading .elementor-heading-title.elementor-size-xl{font-size:39px}.elementor-widget-heading .elementor-heading-title.elementor-size-xxl{font-size:59px}<\/style><h2 class=\"elementor-heading-title elementor-size-default\"><h3 class=\"main-head\" style=\"margin-bottom: 0px; color: rgb(2, 1, 1); font-size: 38px; white-space: normal;\">Express\u00f5es Culturais e Comunicacionais na Revista ALAIC, N\u00famero 38<\/h3><\/h2>\t\t<\/div>\n\t\t\t\t<\/div>\n\t\t\t\t<div class=\"elementor-element elementor-element-b120e27 elementor-widget elementor-widget-spacer\" data-id=\"b120e27\" data-element_type=\"widget\" data-widget_type=\"spacer.default\">\n\t\t\t\t<div class=\"elementor-widget-container\">\n\t\t\t\t\t<div class=\"elementor-spacer\">\n\t\t\t<div class=\"elementor-spacer-inner\"><\/div>\n\t\t<\/div>\n\t\t\t\t<\/div>\n\t\t\t\t<\/div>\n\t\t\t\t\t<\/div>\n\t\t<\/div>\n\t\t\t\t\t<\/div>\n\t\t<\/section>\n\t\t\t\t<section class=\"elementor-section elementor-top-section elementor-element elementor-element-7f7e315 elementor-section-boxed elementor-section-height-default elementor-section-height-default\" data-id=\"7f7e315\" data-element_type=\"section\">\n\t\t\t\t\t\t<div class=\"elementor-container elementor-column-gap-default\">\n\t\t\t\t\t<div class=\"elementor-column elementor-col-100 elementor-top-column elementor-element elementor-element-26c94e3 ot-flex-column-vertical\" data-id=\"26c94e3\" data-element_type=\"column\">\n\t\t\t<div class=\"elementor-widget-wrap elementor-element-populated\">\n\t\t\t\t\t\t<div class=\"elementor-element elementor-element-fcdd1ad elementor-widget elementor-widget-button\" data-id=\"fcdd1ad\" data-element_type=\"widget\" data-widget_type=\"button.default\">\n\t\t\t\t<div class=\"elementor-widget-container\">\n\t\t\t\t\t<div class=\"elementor-button-wrapper\">\n\t\t\t<a class=\"elementor-button elementor-button-link elementor-size-sm\" href=\"https:\/\/www.alaic.org\/wp-content\/uploads\/2022\/03\/Revista-38.pdf\">\n\t\t\t\t\t\t<span class=\"elementor-button-content-wrapper\">\n\t\t\t\t\t\t\t\t\t<span class=\"elementor-button-text\">VER REVISTA<\/span>\n\t\t\t\t\t<\/span>\n\t\t\t\t\t<\/a>\n\t\t<\/div>\n\t\t\t\t<\/div>\n\t\t\t\t<\/div>\n\t\t\t\t\t<\/div>\n\t\t<\/div>\n\t\t\t\t\t<\/div>\n\t\t<\/section>\n\t\t\t\t<section class=\"elementor-section elementor-top-section elementor-element elementor-element-1a75e9c elementor-section-boxed elementor-section-height-default elementor-section-height-default\" data-id=\"1a75e9c\" data-element_type=\"section\">\n\t\t\t\t\t\t<div class=\"elementor-container elementor-column-gap-default\">\n\t\t\t\t\t<div class=\"elementor-column elementor-col-100 elementor-top-column elementor-element elementor-element-e7af8aa ot-flex-column-vertical\" data-id=\"e7af8aa\" data-element_type=\"column\">\n\t\t\t<div class=\"elementor-widget-wrap elementor-element-populated\">\n\t\t\t\t\t\t<div class=\"elementor-element elementor-element-c739eaf elementor-widget elementor-widget-text-editor\" data-id=\"c739eaf\" data-element_type=\"widget\" data-widget_type=\"text-editor.default\">\n\t\t\t\t<div class=\"elementor-widget-container\">\n\t\t\t\t\t\t\t<div style=\"flex-basis: var(--flex-basis); flex-grow: var(--flex-grow); flex-shrink: var(--flex-shrink); order: var(--order); align-self: var(--align-self); flex-direction: var(--flex-direction); flex-wrap: var(--flex-wrap); justify-content: var(--justify-content); align-items: var(--align-items); align-content: var(--align-content); gap: var(--gap); --widgets-spacing: 20px; width: 810px; color: #5f5f5f;\" data-id=\"424ab90\" data-element_type=\"widget\" data-widget_type=\"heading.default\"><div style=\"transition: background 0.3s,border 0.3s,border-radius 0.3s,box-shadow 0.3s,transform var(--e-transform-transition-duration,0.4s); padding: 0px 0px 25px;\"><h5 style=\"color: #570000;\">\u00a0<\/h5><h5 style=\"color: #570000;\">Folkcomunica\u00e7\u00e3o<\/h5><\/div><\/div><div style=\"flex-basis: var(--flex-basis); flex-grow: var(--flex-grow); flex-shrink: var(--flex-shrink); order: var(--order); align-self: var(--align-self); flex-direction: var(--flex-direction); flex-wrap: var(--flex-wrap); justify-content: var(--justify-content); align-items: var(--align-items); align-content: var(--align-content); gap: var(--gap); --widgets-spacing: 20px; font-weight: 400; width: 810px; margin-bottom: 0px; text-align: justify;\" data-id=\"d25f6b2\" data-element_type=\"widget\" data-widget_type=\"text-editor.default\"><div style=\"transition: background 0.3s,border 0.3s,border-radius 0.3s,box-shadow 0.3s,transform var(--e-transform-transition-duration,0.4s); padding: 0px 0px 25px;\">Criada pelo pesquisador brasileiro Luiz Beltr\u00e3o, no final da d\u00e9cada de 1960, a Folkcomunica\u00e7\u00e3o defendia a urg\u00eancia de uma verdadeira virada do olhar acad\u00eamico para objetos, sujeitos, processos e pr\u00e1ticas de comunica\u00e7\u00e3o popular e folcl\u00f3rica que sempre estiveram \u00e0 margem da intelectualidade . Neste n\u00famero da Revista Latino-Americana de Ci\u00eancias da Comunica\u00e7\u00e3o, os diversos autores participantes abordam a \u00e1rea sob diferentes vertentes: festas populares e religiosas, tradi\u00e7\u00f5es locais, s\u00e9ries televisivas, entre outras abordagens.<\/div><div style=\"transition: background 0.3s,border 0.3s,border-radius 0.3s,box-shadow 0.3s,transform var(--e-transform-transition-duration,0.4s); padding: 0px 0px 25px;\"><div class=\"elementor-element elementor-element-7a022bd elementor-widget elementor-widget-heading\" style=\"flex-basis: var(--flex-basis); flex-grow: var(--flex-grow); flex-shrink: var(--flex-shrink); order: var(--order); align-self: var(--align-self); flex-direction: var(--flex-direction); flex-wrap: var(--flex-wrap); justify-content: var(--justify-content); align-items: var(--align-items); align-content: var(--align-content); gap: var(--gap); --widgets-spacing: 20px; width: 810px; color: #5f5f5f; text-align: start;\" data-id=\"7a022bd\" data-element_type=\"widget\" data-widget_type=\"heading.default\"><div class=\"elementor-widget-container\" style=\"transition: background 0.3s,border 0.3s,border-radius 0.3s,box-shadow 0.3s,transform var(--e-transform-transition-duration,0.4s); padding: 0px 0px 25px;\"><h5 class=\"elementor-heading-title elementor-size-default\" style=\"color: #570000;\">Emitir<\/h5><\/div><\/div><div class=\"elementor-element elementor-element-9f84f46 elementor-widget elementor-widget-text-editor\" style=\"flex-basis: var(--flex-basis); flex-grow: var(--flex-grow); flex-shrink: var(--flex-shrink); order: var(--order); align-self: var(--align-self); flex-direction: var(--flex-direction); flex-wrap: var(--flex-wrap); justify-content: var(--justify-content); align-items: var(--align-items); align-content: var(--align-content); gap: var(--gap); --widgets-spacing: 20px; font-weight: 400; width: 810px;\" data-id=\"9f84f46\" data-element_type=\"widget\" data-widget_type=\"text-editor.default\"><div class=\"elementor-widget-container\" style=\"transition: background 0.3s,border 0.3s,border-radius 0.3s,box-shadow 0.3s,transform var(--e-transform-transition-duration,0.4s); padding: 0px 0px 25px;\">O tema do dossi\u00ea desta edi\u00e7\u00e3o \u00e9 \u201cComunica\u00e7\u00e3o intercultural e folkcomunica\u00e7\u00e3o\u201d e \u00e9 organizado por Cristian Y\u00e1\u00f1ez Aguilar (Universidade Austral de Chile), Marcelo Sabbatini (Universidade Federal de Pernambuco, Brasil) e Marta Mele\u00e1n (Universidade Nacional de La Plata, Argentina) . O dossi\u00ea \u00e9 composto por 16 artigos que dialogam com processos de comunica\u00e7\u00e3o, seja nos meios de comunica\u00e7\u00e3o de massa, seja em canais paralelos de comunica\u00e7\u00e3o social, incluindo redes digitais, transformados pelo ciberativismo e pela cultura hacker. A Pandemia Covid-19 tamb\u00e9m \u00e9 abordada.<\/div><\/div><div class=\"elementor-element elementor-element-5cd5f57 elementor-widget elementor-widget-heading\" style=\"flex-basis: var(--flex-basis); flex-grow: var(--flex-grow); flex-shrink: var(--flex-shrink); order: var(--order); align-self: var(--align-self); flex-direction: var(--flex-direction); flex-wrap: var(--flex-wrap); justify-content: var(--justify-content); align-items: var(--align-items); align-content: var(--align-content); gap: var(--gap); --widgets-spacing: 20px; width: 810px; color: #5f5f5f; text-align: start;\" data-id=\"5cd5f57\" data-element_type=\"widget\" data-widget_type=\"heading.default\"><div class=\"elementor-widget-container\" style=\"transition: background 0.3s,border 0.3s,border-radius 0.3s,box-shadow 0.3s,transform var(--e-transform-transition-duration,0.4s); padding: 0px 0px 25px;\"><h5 class=\"elementor-heading-title elementor-size-default\" style=\"color: #570000;\">Entrevistado<\/h5><\/div><\/div><div class=\"elementor-element elementor-element-d0eece2 elementor-widget elementor-widget-text-editor\" style=\"flex-basis: var(--flex-basis); flex-grow: var(--flex-grow); flex-shrink: var(--flex-shrink); order: var(--order); align-self: var(--align-self); flex-direction: var(--flex-direction); flex-wrap: var(--flex-wrap); justify-content: var(--justify-content); align-items: var(--align-items); align-content: var(--align-content); gap: var(--gap); --widgets-spacing: 20px; font-weight: 400; width: 810px;\" data-id=\"d0eece2\" data-element_type=\"widget\" data-widget_type=\"text-editor.default\"><div class=\"elementor-widget-container\" style=\"transition: background 0.3s,border 0.3s,border-radius 0.3s,box-shadow 0.3s,transform var(--e-transform-transition-duration,0.4s); padding: 0px 0px 25px;\">O entrevistado da publica\u00e7\u00e3o \u00e9 o pesquisador Jorge A. Gonz\u00e1lez, da Universidade Nacional Aut\u00f4noma do M\u00e9xico, criador do conceito de Frentes Culturais. Comenta seu compromisso com os temas da cultura popular entendida como fen\u00f4meno cultural e simb\u00f3lico.<\/div><\/div><div class=\"elementor-element elementor-element-0fcf8d0 elementor-widget elementor-widget-heading\" style=\"flex-basis: var(--flex-basis); flex-grow: var(--flex-grow); flex-shrink: var(--flex-shrink); order: var(--order); align-self: var(--align-self); flex-direction: var(--flex-direction); flex-wrap: var(--flex-wrap); justify-content: var(--justify-content); align-items: var(--align-items); align-content: var(--align-content); gap: var(--gap); --widgets-spacing: 20px; width: 810px; color: #5f5f5f; text-align: start;\" data-id=\"0fcf8d0\" data-element_type=\"widget\" data-widget_type=\"heading.default\"><div class=\"elementor-widget-container\" style=\"transition: background 0.3s,border 0.3s,border-radius 0.3s,box-shadow 0.3s,transform var(--e-transform-transition-duration,0.4s); padding: 0px 0px 25px;\"><h5 class=\"elementor-heading-title elementor-size-default\" style=\"color: #570000;\">Se\u00e7\u00e3o de estudo<\/h5><\/div><\/div><div class=\"elementor-element elementor-element-57ebef1 elementor-widget elementor-widget-text-editor\" style=\"flex-basis: var(--flex-basis); flex-grow: var(--flex-grow); flex-shrink: var(--flex-shrink); order: var(--order); align-self: var(--align-self); flex-direction: var(--flex-direction); flex-wrap: var(--flex-wrap); justify-content: var(--justify-content); align-items: var(--align-items); align-content: var(--align-content); gap: var(--gap); --widgets-spacing: 20px; font-weight: 400; width: 810px;\" data-id=\"57ebef1\" data-element_type=\"widget\" data-widget_type=\"text-editor.default\"><div class=\"elementor-widget-container\" style=\"transition: background 0.3s,border 0.3s,border-radius 0.3s,box-shadow 0.3s,transform var(--e-transform-transition-duration,0.4s); padding: 0px 0px 25px;\">A se\u00e7\u00e3o de estudos apresenta um artigo que oferece um panorama do Programa de P\u00f3s-Gradua\u00e7\u00e3o em Comunica\u00e7\u00e3o da Unesp (Universidade Estadual Paulista), a partir de um breve hist\u00f3rico e de suas linhas de pesquisa, da configura\u00e7\u00e3o de seu corpo docente e de sua comunidade acad\u00eamica.<\/div><\/div><div class=\"elementor-element elementor-element-7936844 elementor-widget elementor-widget-text-editor\" style=\"flex-basis: var(--flex-basis); flex-grow: var(--flex-grow); flex-shrink: var(--flex-shrink); order: var(--order); align-self: var(--align-self); flex-direction: var(--flex-direction); flex-wrap: var(--flex-wrap); justify-content: var(--justify-content); align-items: var(--align-items); align-content: var(--align-content); gap: var(--gap); --widgets-spacing: 20px; font-weight: 400; width: 810px;\" data-id=\"7936844\" data-element_type=\"widget\" data-widget_type=\"text-editor.default\"><div class=\"elementor-widget-container\" style=\"transition: background 0.3s,border 0.3s,border-radius 0.3s,box-shadow 0.3s,transform var(--e-transform-transition-duration,0.4s); padding: 0px 0px 25px;\">Fechando a 38\u00aa edi\u00e7\u00e3o da Revista ALAIC, o livro resenhas Como as Fake News e a nova ordem da (des)informa\u00e7\u00e3o na era p\u00f3s-verdade: manipula\u00e7\u00e3o, polariza\u00e7\u00e3o, bolhas de filtro e Pioneiros nos estudos de comunica\u00e7\u00e3o latino-americanos, trazem a vis\u00e3o de seus autores sobre trabalhos que abordam temas muito atuais.<\/div><\/div><div class=\"elementor-element elementor-element-ebdbed8 elementor-widget elementor-widget-text-editor\" style=\"flex-basis: var(--flex-basis); flex-grow: var(--flex-grow); flex-shrink: var(--flex-shrink); order: var(--order); align-self: var(--align-self); flex-direction: var(--flex-direction); flex-wrap: var(--flex-wrap); justify-content: var(--justify-content); align-items: var(--align-items); align-content: var(--align-content); gap: var(--gap); --widgets-spacing: 20px; color: #570000; font-weight: 600; width: 810px; font-size: 18px; text-align: start;\" data-id=\"ebdbed8\" data-element_type=\"widget\" data-widget_type=\"text-editor.default\"><div class=\"elementor-widget-container\" style=\"transition: background 0.3s,border 0.3s,border-radius 0.3s,box-shadow 0.3s,transform var(--e-transform-transition-duration,0.4s); padding: 0px 0px 25px;\">Boa leitura!<\/div><\/div><\/div><\/div>\t\t\t\t\t\t<\/div>\n\t\t\t\t<\/div>\n\t\t\t\t\t<\/div>\n\t\t<\/div>\n\t\t\t\t\t<\/div>\n\t\t<\/section>\n\t\t\t\t<\/div>","protected":false},"excerpt":{"rendered":"<p>Com o dossi\u00ea \u201cComunica\u00e7\u00e3o intercultural e comunica\u00e7\u00e3o popular\u201d, a revista apresenta artigos de pesquisadores de toda a Am\u00e9rica Latina, al\u00e9m de uma entrevista com Jorge A. Gonz\u00e1lez, pesquisador da Universidade Nacional Aut\u00f4noma do M\u00e9xico. NOSSAS NOT\u00cdCIAS Express\u00f5es Culturais e Comunicacionais na Revista ALAIC, N\u00famero 38 VER REVISTA Folkcommunicaci\u00f3n Criada pelo pesquisador brasileiro Luiz Beltr\u00e3o, [\u2026]<\/p>","protected":false},"author":4,"featured_media":2289,"comment_status":"open","ping_status":"open","sticky":false,"template":"","format":"standard","meta":{"_bbp_topic_count":0,"_bbp_reply_count":0,"_bbp_total_topic_count":0,"_bbp_total_reply_count":0,"_bbp_voice_count":0,"_bbp_anonymous_reply_count":0,"_bbp_topic_count_hidden":0,"_bbp_reply_count_hidden":0,"_bbp_forum_subforum_count":0,"footnotes":""},"categories":[27],"tags":[],"yoast_head":"<!-- This site is optimized with the Yoast SEO plugin v22.5 - https:\/\/yoast.com\/wordpress\/plugins\/seo\/ -->\n<title>Expresiones culturales y Comunicacionales en la Revista ALAIC, N\u00famero 38 - Alaic<\/title>\n<meta name=\"robots\" content=\"index, follow, max-snippet:-1, max-image-preview:large, max-video-preview:-1\" \/>\n<link rel=\"canonical\" href=\"https:\/\/alaic.org\/pt\/expresiones-culturales-y-comunicacionales-en-la-revista-alaic-numero-38\/\" \/>\n<meta property=\"og:locale\" content=\"pt_BR\" \/>\n<meta property=\"og:type\" content=\"article\" \/>\n<meta property=\"og:title\" content=\"Expresiones culturales y Comunicacionales en la Revista ALAIC, N\u00famero 38 - Alaic\" \/>\n<meta property=\"og:description\" content=\"Con el dossier\u00a0\u201cComunicaci\u00f3n intercultural y folkcomunicaci\u00f3n\u201d,\u00a0la revista presenta art\u00edculos de investigadores de toda Am\u00e9rica Latina, as\u00ed como una entrevista a Jorge A. Gonz\u00e1lez, investigador de la Universidad Nacional Aut\u00f3noma de M\u00e9xico. NUESTRAS NOTICIAS Expresiones culturales y Comunicacionales en la Revista ALAIC, N\u00famero 38 VER REVISTA \u00a0 Folkcommunicaci\u00f3n Creada por el investigador brasile\u00f1o Luiz Beltr\u00e3o, a [&hellip;]\" \/>\n<meta property=\"og:url\" content=\"https:\/\/alaic.org\/pt\/expresiones-culturales-y-comunicacionales-en-la-revista-alaic-numero-38\/\" \/>\n<meta property=\"og:site_name\" content=\"Alaic\" \/>\n<meta property=\"article:published_time\" content=\"2022-03-10T20:35:51+00:00\" \/>\n<meta property=\"article:modified_time\" content=\"2023-02-10T20:36:21+00:00\" \/>\n<meta property=\"og:image\" content=\"https:\/\/alaic.org\/wp-content\/uploads\/2023\/02\/Noticia1.jpg\" \/>\n\t<meta property=\"og:image:width\" content=\"750\" \/>\n\t<meta property=\"og:image:height\" content=\"497\" \/>\n\t<meta property=\"og:image:type\" content=\"image\/jpeg\" \/>\n<meta name=\"author\" content=\"Mar\u00eda Camila S\u00e1nchez Delgado\" \/>\n<meta name=\"twitter:card\" content=\"summary_large_image\" \/>\n<meta name=\"twitter:label1\" content=\"Escrito por\" \/>\n\t<meta name=\"twitter:data1\" content=\"Mar\u00eda Camila S\u00e1nchez Delgado\" \/>\n\t<meta name=\"twitter:label2\" content=\"Est. tempo de leitura\" \/>\n\t<meta name=\"twitter:data2\" content=\"2 minutos\" \/>\n<script type=\"application\/ld+json\" class=\"yoast-schema-graph\">{\"@context\":\"https:\/\/schema.org\",\"@graph\":[{\"@type\":\"Article\",\"@id\":\"https:\/\/alaic.org\/expresiones-culturales-y-comunicacionales-en-la-revista-alaic-numero-38\/#article\",\"isPartOf\":{\"@id\":\"https:\/\/alaic.org\/expresiones-culturales-y-comunicacionales-en-la-revista-alaic-numero-38\/\"},\"author\":{\"name\":\"Mar\u00eda Camila S\u00e1nchez Delgado\",\"@id\":\"https:\/\/alaic.org\/#\/schema\/person\/0a33842a0f2ba664f0c5a5e1beb19a23\"},\"headline\":\"Expresiones culturales y Comunicacionales en la Revista ALAIC, N\u00famero 38\",\"datePublished\":\"2022-03-10T20:35:51+00:00\",\"dateModified\":\"2023-02-10T20:36:21+00:00\",\"mainEntityOfPage\":{\"@id\":\"https:\/\/alaic.org\/expresiones-culturales-y-comunicacionales-en-la-revista-alaic-numero-38\/\"},\"wordCount\":408,\"commentCount\":0,\"publisher\":{\"@id\":\"https:\/\/alaic.org\/#organization\"},\"image\":{\"@id\":\"https:\/\/alaic.org\/expresiones-culturales-y-comunicacionales-en-la-revista-alaic-numero-38\/#primaryimage\"},\"thumbnailUrl\":\"https:\/\/alaic.org\/wp-content\/uploads\/2023\/02\/Noticia1.jpg\",\"articleSection\":[\"NOT\u00cdCIAS\"],\"inLanguage\":\"pt-BR\",\"potentialAction\":[{\"@type\":\"CommentAction\",\"name\":\"Comment\",\"target\":[\"https:\/\/alaic.org\/expresiones-culturales-y-comunicacionales-en-la-revista-alaic-numero-38\/#respond\"]}]},{\"@type\":\"WebPage\",\"@id\":\"https:\/\/alaic.org\/expresiones-culturales-y-comunicacionales-en-la-revista-alaic-numero-38\/\",\"url\":\"https:\/\/alaic.org\/expresiones-culturales-y-comunicacionales-en-la-revista-alaic-numero-38\/\",\"name\":\"Expresiones culturales y Comunicacionales en la Revista ALAIC, N\u00famero 38 - Alaic\",\"isPartOf\":{\"@id\":\"https:\/\/alaic.org\/#website\"},\"primaryImageOfPage\":{\"@id\":\"https:\/\/alaic.org\/expresiones-culturales-y-comunicacionales-en-la-revista-alaic-numero-38\/#primaryimage\"},\"image\":{\"@id\":\"https:\/\/alaic.org\/expresiones-culturales-y-comunicacionales-en-la-revista-alaic-numero-38\/#primaryimage\"},\"thumbnailUrl\":\"https:\/\/alaic.org\/wp-content\/uploads\/2023\/02\/Noticia1.jpg\",\"datePublished\":\"2022-03-10T20:35:51+00:00\",\"dateModified\":\"2023-02-10T20:36:21+00:00\",\"breadcrumb\":{\"@id\":\"https:\/\/alaic.org\/expresiones-culturales-y-comunicacionales-en-la-revista-alaic-numero-38\/#breadcrumb\"},\"inLanguage\":\"pt-BR\",\"potentialAction\":[{\"@type\":\"ReadAction\",\"target\":[\"https:\/\/alaic.org\/expresiones-culturales-y-comunicacionales-en-la-revista-alaic-numero-38\/\"]}]},{\"@type\":\"ImageObject\",\"inLanguage\":\"pt-BR\",\"@id\":\"https:\/\/alaic.org\/expresiones-culturales-y-comunicacionales-en-la-revista-alaic-numero-38\/#primaryimage\",\"url\":\"https:\/\/alaic.org\/wp-content\/uploads\/2023\/02\/Noticia1.jpg\",\"contentUrl\":\"https:\/\/alaic.org\/wp-content\/uploads\/2023\/02\/Noticia1.jpg\",\"width\":750,\"height\":497},{\"@type\":\"BreadcrumbList\",\"@id\":\"https:\/\/alaic.org\/expresiones-culturales-y-comunicacionales-en-la-revista-alaic-numero-38\/#breadcrumb\",\"itemListElement\":[{\"@type\":\"ListItem\",\"position\":1,\"name\":\"Portada\",\"item\":\"https:\/\/alaic.org\/\"},{\"@type\":\"ListItem\",\"position\":2,\"name\":\"Expresiones culturales y Comunicacionales en la Revista ALAIC, N\u00famero 38\"}]},{\"@type\":\"WebSite\",\"@id\":\"https:\/\/alaic.org\/#website\",\"url\":\"https:\/\/alaic.org\/\",\"name\":\"Alaic\",\"description\":\"Asociaci\u00f3n Latinoamericana de Investigadores de la Comunicaci\u00f3n\",\"publisher\":{\"@id\":\"https:\/\/alaic.org\/#organization\"},\"potentialAction\":[{\"@type\":\"SearchAction\",\"target\":{\"@type\":\"EntryPoint\",\"urlTemplate\":\"https:\/\/alaic.org\/?s={search_term_string}\"},\"query-input\":\"required name=search_term_string\"}],\"inLanguage\":\"pt-BR\"},{\"@type\":\"Organization\",\"@id\":\"https:\/\/alaic.org\/#organization\",\"name\":\"Alaic\",\"url\":\"https:\/\/alaic.org\/\",\"logo\":{\"@type\":\"ImageObject\",\"inLanguage\":\"pt-BR\",\"@id\":\"https:\/\/alaic.org\/#\/schema\/logo\/image\/\",\"url\":\"https:\/\/alaic.org\/wp-content\/uploads\/2023\/02\/imagen_2023-02-16_090402780.png\",\"contentUrl\":\"https:\/\/alaic.org\/wp-content\/uploads\/2023\/02\/imagen_2023-02-16_090402780.png\",\"width\":1220,\"height\":417,\"caption\":\"Alaic\"},\"image\":{\"@id\":\"https:\/\/alaic.org\/#\/schema\/logo\/image\/\"}},{\"@type\":\"Person\",\"@id\":\"https:\/\/alaic.org\/#\/schema\/person\/0a33842a0f2ba664f0c5a5e1beb19a23\",\"name\":\"Mar\u00eda Camila S\u00e1nchez Delgado\",\"image\":{\"@type\":\"ImageObject\",\"inLanguage\":\"pt-BR\",\"@id\":\"https:\/\/alaic.org\/#\/schema\/person\/image\/\",\"url\":\"https:\/\/alaic.org\/wp-content\/plugins\/buddypress\/bp-core\/images\/mystery-man.jpg\",\"contentUrl\":\"https:\/\/alaic.org\/wp-content\/plugins\/buddypress\/bp-core\/images\/mystery-man.jpg\",\"caption\":\"Mar\u00eda Camila S\u00e1nchez Delgado\"},\"url\":\"https:\/\/alaic.org\/pt\/miembros\/msanchezdcamilagmail-com\"}]}<\/script>\n<!-- \/ Yoast SEO plugin. -->","yoast_head_json":{"title":"Expresiones culturales y Comunicacionales en la Revista ALAIC, N\u00famero 38 - Alaic","robots":{"index":"index","follow":"follow","max-snippet":"max-snippet:-1","max-image-preview":"max-image-preview:large","max-video-preview":"max-video-preview:-1"},"canonical":"https:\/\/alaic.org\/pt\/expresiones-culturales-y-comunicacionales-en-la-revista-alaic-numero-38\/","og_locale":"pt_BR","og_type":"article","og_title":"Expresiones culturales y Comunicacionales en la Revista ALAIC, N\u00famero 38 - Alaic","og_description":"Con el dossier\u00a0\u201cComunicaci\u00f3n intercultural y folkcomunicaci\u00f3n\u201d,\u00a0la revista presenta art\u00edculos de investigadores de toda Am\u00e9rica Latina, as\u00ed como una entrevista a Jorge A. Gonz\u00e1lez, investigador de la Universidad Nacional Aut\u00f3noma de M\u00e9xico. NUESTRAS NOTICIAS Expresiones culturales y Comunicacionales en la Revista ALAIC, N\u00famero 38 VER REVISTA \u00a0 Folkcommunicaci\u00f3n Creada por el investigador brasile\u00f1o Luiz Beltr\u00e3o, a [&hellip;]","og_url":"https:\/\/alaic.org\/pt\/expresiones-culturales-y-comunicacionales-en-la-revista-alaic-numero-38\/","og_site_name":"Alaic","article_published_time":"2022-03-10T20:35:51+00:00","article_modified_time":"2023-02-10T20:36:21+00:00","og_image":[{"width":750,"height":497,"url":"https:\/\/alaic.org\/wp-content\/uploads\/2023\/02\/Noticia1.jpg","type":"image\/jpeg"}],"author":"Mar\u00eda Camila S\u00e1nchez Delgado","twitter_card":"summary_large_image","twitter_misc":{"Escrito por":"Mar\u00eda Camila S\u00e1nchez Delgado","Est. tempo de leitura":"2 minutos"},"schema":{"@context":"https:\/\/schema.org","@graph":[{"@type":"Article","@id":"https:\/\/alaic.org\/expresiones-culturales-y-comunicacionales-en-la-revista-alaic-numero-38\/#article","isPartOf":{"@id":"https:\/\/alaic.org\/expresiones-culturales-y-comunicacionales-en-la-revista-alaic-numero-38\/"},"author":{"name":"Mar\u00eda Camila S\u00e1nchez Delgado","@id":"https:\/\/alaic.org\/#\/schema\/person\/0a33842a0f2ba664f0c5a5e1beb19a23"},"headline":"Expresiones culturales y Comunicacionales en la Revista ALAIC, N\u00famero 38","datePublished":"2022-03-10T20:35:51+00:00","dateModified":"2023-02-10T20:36:21+00:00","mainEntityOfPage":{"@id":"https:\/\/alaic.org\/expresiones-culturales-y-comunicacionales-en-la-revista-alaic-numero-38\/"},"wordCount":408,"commentCount":0,"publisher":{"@id":"https:\/\/alaic.org\/#organization"},"image":{"@id":"https:\/\/alaic.org\/expresiones-culturales-y-comunicacionales-en-la-revista-alaic-numero-38\/#primaryimage"},"thumbnailUrl":"https:\/\/alaic.org\/wp-content\/uploads\/2023\/02\/Noticia1.jpg","articleSection":["NOT\u00cdCIAS"],"inLanguage":"pt-BR","potentialAction":[{"@type":"CommentAction","name":"Comment","target":["https:\/\/alaic.org\/expresiones-culturales-y-comunicacionales-en-la-revista-alaic-numero-38\/#respond"]}]},{"@type":"WebPage","@id":"https:\/\/alaic.org\/expresiones-culturales-y-comunicacionales-en-la-revista-alaic-numero-38\/","url":"https:\/\/alaic.org\/expresiones-culturales-y-comunicacionales-en-la-revista-alaic-numero-38\/","name":"Expresiones culturales y Comunicacionales en la Revista ALAIC, N\u00famero 38 - Alaic","isPartOf":{"@id":"https:\/\/alaic.org\/#website"},"primaryImageOfPage":{"@id":"https:\/\/alaic.org\/expresiones-culturales-y-comunicacionales-en-la-revista-alaic-numero-38\/#primaryimage"},"image":{"@id":"https:\/\/alaic.org\/expresiones-culturales-y-comunicacionales-en-la-revista-alaic-numero-38\/#primaryimage"},"thumbnailUrl":"https:\/\/alaic.org\/wp-content\/uploads\/2023\/02\/Noticia1.jpg","datePublished":"2022-03-10T20:35:51+00:00","dateModified":"2023-02-10T20:36:21+00:00","breadcrumb":{"@id":"https:\/\/alaic.org\/expresiones-culturales-y-comunicacionales-en-la-revista-alaic-numero-38\/#breadcrumb"},"inLanguage":"pt-BR","potentialAction":[{"@type":"ReadAction","target":["https:\/\/alaic.org\/expresiones-culturales-y-comunicacionales-en-la-revista-alaic-numero-38\/"]}]},{"@type":"ImageObject","inLanguage":"pt-BR","@id":"https:\/\/alaic.org\/expresiones-culturales-y-comunicacionales-en-la-revista-alaic-numero-38\/#primaryimage","url":"https:\/\/alaic.org\/wp-content\/uploads\/2023\/02\/Noticia1.jpg","contentUrl":"https:\/\/alaic.org\/wp-content\/uploads\/2023\/02\/Noticia1.jpg","width":750,"height":497},{"@type":"BreadcrumbList","@id":"https:\/\/alaic.org\/expresiones-culturales-y-comunicacionales-en-la-revista-alaic-numero-38\/#breadcrumb","itemListElement":[{"@type":"ListItem","position":1,"name":"Portada","item":"https:\/\/alaic.org\/"},{"@type":"ListItem","position":2,"name":"Expresiones culturales y Comunicacionales en la Revista ALAIC, N\u00famero 38"}]},{"@type":"WebSite","@id":"https:\/\/alaic.org\/#website","url":"https:\/\/alaic.org\/","name":"Alaic","description":"Asociaci\u00f3n Latinoamericana de Investigadores de la Comunicaci\u00f3n","publisher":{"@id":"https:\/\/alaic.org\/#organization"},"potentialAction":[{"@type":"SearchAction","target":{"@type":"EntryPoint","urlTemplate":"https:\/\/alaic.org\/?s={search_term_string}"},"query-input":"required name=search_term_string"}],"inLanguage":"pt-BR"},{"@type":"Organization","@id":"https:\/\/alaic.org\/#organization","name":"Alaic","url":"https:\/\/alaic.org\/","logo":{"@type":"ImageObject","inLanguage":"pt-BR","@id":"https:\/\/alaic.org\/#\/schema\/logo\/image\/","url":"https:\/\/alaic.org\/wp-content\/uploads\/2023\/02\/imagen_2023-02-16_090402780.png","contentUrl":"https:\/\/alaic.org\/wp-content\/uploads\/2023\/02\/imagen_2023-02-16_090402780.png","width":1220,"height":417,"caption":"Alaic"},"image":{"@id":"https:\/\/alaic.org\/#\/schema\/logo\/image\/"}},{"@type":"Person","@id":"https:\/\/alaic.org\/#\/schema\/person\/0a33842a0f2ba664f0c5a5e1beb19a23","name":"Mar\u00eda Camila S\u00e1nchez Delgado","image":{"@type":"ImageObject","inLanguage":"pt-BR","@id":"https:\/\/alaic.org\/#\/schema\/person\/image\/","url":"https:\/\/alaic.org\/wp-content\/plugins\/buddypress\/bp-core\/images\/mystery-man.jpg","contentUrl":"https:\/\/alaic.org\/wp-content\/plugins\/buddypress\/bp-core\/images\/mystery-man.jpg","caption":"Mar\u00eda Camila S\u00e1nchez Delgado"},"url":"https:\/\/alaic.org\/pt\/miembros\/msanchezdcamilagmail-com"}]}},"_links":{"self":[{"href":"https:\/\/alaic.org\/pt\/wp-json\/wp\/v2\/posts\/2287"}],"collection":[{"href":"https:\/\/alaic.org\/pt\/wp-json\/wp\/v2\/posts"}],"about":[{"href":"https:\/\/alaic.org\/pt\/wp-json\/wp\/v2\/types\/post"}],"author":[{"embeddable":true,"href":"https:\/\/alaic.org\/pt\/wp-json\/wp\/v2\/users\/4"}],"replies":[{"embeddable":true,"href":"https:\/\/alaic.org\/pt\/wp-json\/wp\/v2\/comments?post=2287"}],"version-history":[{"count":10,"href":"https:\/\/alaic.org\/pt\/wp-json\/wp\/v2\/posts\/2287\/revisions"}],"predecessor-version":[{"id":2305,"href":"https:\/\/alaic.org\/pt\/wp-json\/wp\/v2\/posts\/2287\/revisions\/2305"}],"wp:featuredmedia":[{"embeddable":true,"href":"https:\/\/alaic.org\/pt\/wp-json\/wp\/v2\/media\/2289"}],"wp:attachment":[{"href":"https:\/\/alaic.org\/pt\/wp-json\/wp\/v2\/media?parent=2287"}],"wp:term":[{"taxonomy":"category","embeddable":true,"href":"https:\/\/alaic.org\/pt\/wp-json\/wp\/v2\/categories?post=2287"},{"taxonomy":"post_tag","embeddable":true,"href":"https:\/\/alaic.org\/pt\/wp-json\/wp\/v2\/tags?post=2287"}],"curies":[{"name":"wp","href":"https:\/\/api.w.org\/{rel}","templated":true}]}}