{"id":2058,"date":"2022-03-10T12:53:46","date_gmt":"2022-03-10T17:53:46","guid":{"rendered":"https:\/\/alaic.org\/?p=2058"},"modified":"2024-04-24T15:44:25","modified_gmt":"2024-04-24T20:44:25","slug":"convocatoria-de-propuestas-iamcr2022-11-al-15-julio-pekin-china","status":"publish","type":"post","link":"https:\/\/alaic.org\/pt\/convocatoria-de-propuestas-iamcr2022-11-al-15-julio-pekin-china\/","title":{"rendered":"Chamada de propostas #IAMCR2022 \u2013 11 a 15 de julho | Pequim, China"},"content":{"rendered":"<div data-elementor-type=\"wp-post\" data-elementor-id=\"2058\" class=\"elementor elementor-2058\" data-elementor-post-type=\"post\">\n\t\t\t\t\t\t<section class=\"elementor-section elementor-top-section elementor-element elementor-element-d777b53 elementor-section-boxed elementor-section-height-default elementor-section-height-default\" data-id=\"d777b53\" data-element_type=\"section\">\n\t\t\t\t\t\t<div class=\"elementor-container elementor-column-gap-default\">\n\t\t\t\t\t<div class=\"elementor-column elementor-col-33 elementor-top-column elementor-element elementor-element-afec3e5 ot-flex-column-vertical\" data-id=\"afec3e5\" data-element_type=\"column\" data-settings=\"{&quot;background_background&quot;:&quot;classic&quot;}\">\n\t\t\t<div class=\"elementor-widget-wrap elementor-element-populated\">\n\t\t\t\t\t\t<div class=\"elementor-element elementor-element-f081ff6 elementor-align-center elementor-widget elementor-widget-button\" data-id=\"f081ff6\" data-element_type=\"widget\" data-widget_type=\"button.default\">\n\t\t\t\t<div class=\"elementor-widget-container\">\n\t\t\t\t\t<div class=\"elementor-button-wrapper\">\n\t\t\t<a class=\"elementor-button elementor-button-link elementor-size-sm\" href=\"#\">\n\t\t\t\t\t\t<span class=\"elementor-button-content-wrapper\">\n\t\t\t\t\t\t\t\t\t<span class=\"elementor-button-text\">eu<\/span>\n\t\t\t\t\t<\/span>\n\t\t\t\t\t<\/a>\n\t\t<\/div>\n\t\t\t\t<\/div>\n\t\t\t\t<\/div>\n\t\t\t\t\t<\/div>\n\t\t<\/div>\n\t\t\t\t<div class=\"elementor-column elementor-col-66 elementor-top-column elementor-element elementor-element-0d1a04f ot-flex-column-vertical\" data-id=\"0d1a04f\" data-element_type=\"column\">\n\t\t\t<div class=\"elementor-widget-wrap elementor-element-populated\">\n\t\t\t\t\t\t<div class=\"elementor-element elementor-element-ad06e47 elementor-widget elementor-widget-text-editor\" data-id=\"ad06e47\" data-element_type=\"widget\" data-widget_type=\"text-editor.default\">\n\t\t\t\t<div class=\"elementor-widget-container\">\n\t\t\t<style>\/*! elementor - v3.21.0 - 24-04-2024 *\/\n.elementor-widget-text-editor.elementor-drop-cap-view-stacked .elementor-drop-cap{background-color:#69727d;color:#fff}.elementor-widget-text-editor.elementor-drop-cap-view-framed .elementor-drop-cap{color:#69727d;border:3px solid;background-color:transparent}.elementor-widget-text-editor:not(.elementor-drop-cap-view-default) .elementor-drop-cap{margin-top:8px}.elementor-widget-text-editor:not(.elementor-drop-cap-view-default) .elementor-drop-cap-letter{width:1em;height:1em}.elementor-widget-text-editor .elementor-drop-cap{float:left;text-align:center;line-height:1;font-size:50px}.elementor-widget-text-editor .elementor-drop-cap-letter{display:inline-block}<\/style>\t\t\t\t<p dir=\"ltr\">O prazo para entrega era 9 de fevereiro. Os resultados da revis\u00e3o por pares ser\u00e3o anunciados em 31 de mar\u00e7o.<\/p>\t\t\t\t\t\t<\/div>\n\t\t\t\t<\/div>\n\t\t\t\t\t<\/div>\n\t\t<\/div>\n\t\t\t\t\t<\/div>\n\t\t<\/section>\n\t\t\t\t<section class=\"elementor-section elementor-top-section elementor-element elementor-element-f6922ad elementor-section-boxed elementor-section-height-default elementor-section-height-default\" data-id=\"f6922ad\" data-element_type=\"section\">\n\t\t\t\t\t\t<div class=\"elementor-container elementor-column-gap-default\">\n\t\t\t\t\t<div class=\"elementor-column elementor-col-100 elementor-top-column elementor-element elementor-element-6bdec7e ot-flex-column-vertical\" data-id=\"6bdec7e\" data-element_type=\"column\">\n\t\t\t<div class=\"elementor-widget-wrap elementor-element-populated\">\n\t\t\t\t\t\t<div class=\"elementor-element elementor-element-ee2bd17 elementor-widget elementor-widget-text-editor\" data-id=\"ee2bd17\" data-element_type=\"widget\" data-widget_type=\"text-editor.default\">\n\t\t\t\t<div class=\"elementor-widget-container\">\n\t\t\t\t\t\t\t<p dir=\"ltr\">A Associa\u00e7\u00e3o Internacional de Pesquisa em M\u00eddia e Comunica\u00e7\u00e3o (IAMCR) convida propostas de trabalhos e pain\u00e9is para o IAMCR 2022, a ser realizado online de 11 a 15 de julho de 2022, com um hub nacional na Universidade de Tsinghua em Pequim e outros eventos na China, online e ao redor do mundo.<\/p>\t\t\t\t\t\t<\/div>\n\t\t\t\t<\/div>\n\t\t\t\t<div class=\"elementor-element elementor-element-55b7e3c elementor-widget elementor-widget-spacer\" data-id=\"55b7e3c\" data-element_type=\"widget\" data-widget_type=\"spacer.default\">\n\t\t\t\t<div class=\"elementor-widget-container\">\n\t\t\t<style>\/*! elementor - v3.21.0 - 24-04-2024 *\/\n.elementor-column .elementor-spacer-inner{height:var(--spacer-size)}.e-con{--container-widget-width:100%}.e-con-inner>.elementor-widget-spacer,.e-con>.elementor-widget-spacer{width:var(--container-widget-width,var(--spacer-size));--align-self:var(--container-widget-align-self,initial);--flex-shrink:0}.e-con-inner>.elementor-widget-spacer>.elementor-widget-container,.e-con>.elementor-widget-spacer>.elementor-widget-container{height:100%;width:100%}.e-con-inner>.elementor-widget-spacer>.elementor-widget-container>.elementor-spacer,.e-con>.elementor-widget-spacer>.elementor-widget-container>.elementor-spacer{height:100%}.e-con-inner>.elementor-widget-spacer>.elementor-widget-container>.elementor-spacer>.elementor-spacer-inner,.e-con>.elementor-widget-spacer>.elementor-widget-container>.elementor-spacer>.elementor-spacer-inner{height:var(--container-widget-height,var(--spacer-size))}.e-con-inner>.elementor-widget-spacer.elementor-widget-empty,.e-con>.elementor-widget-spacer.elementor-widget-empty{position:relative;min-height:22px;min-width:22px}.e-con-inner>.elementor-widget-spacer.elementor-widget-empty .elementor-widget-empty-icon,.e-con>.elementor-widget-spacer.elementor-widget-empty .elementor-widget-empty-icon{position:absolute;top:0;bottom:0;left:0;right:0;margin:auto;padding:0;width:22px;height:22px}<\/style>\t\t<div class=\"elementor-spacer\">\n\t\t\t<div class=\"elementor-spacer-inner\"><\/div>\n\t\t<\/div>\n\t\t\t\t<\/div>\n\t\t\t\t<\/div>\n\t\t\t\t<div class=\"elementor-element elementor-element-a7084e8 elementor-widget elementor-widget-heading\" data-id=\"a7084e8\" data-element_type=\"widget\" data-widget_type=\"heading.default\">\n\t\t\t\t<div class=\"elementor-widget-container\">\n\t\t\t<style>\/*! elementor - v3.21.0 - 24-04-2024 *\/\n.elementor-heading-title{padding:0;margin:0;line-height:1}.elementor-widget-heading .elementor-heading-title[class*=elementor-size-]>a{color:inherit;font-size:inherit;line-height:inherit}.elementor-widget-heading .elementor-heading-title.elementor-size-small{font-size:15px}.elementor-widget-heading .elementor-heading-title.elementor-size-medium{font-size:19px}.elementor-widget-heading .elementor-heading-title.elementor-size-large{font-size:29px}.elementor-widget-heading .elementor-heading-title.elementor-size-xl{font-size:39px}.elementor-widget-heading .elementor-heading-title.elementor-size-xxl{font-size:59px}<\/style><h5 class=\"elementor-heading-title elementor-size-default\">Temas da Confer\u00eancia<\/h5>\t\t<\/div>\n\t\t\t\t<\/div>\n\t\t\t\t<div class=\"elementor-element elementor-element-d49fac1 elementor-widget elementor-widget-spacer\" data-id=\"d49fac1\" data-element_type=\"widget\" data-widget_type=\"spacer.default\">\n\t\t\t\t<div class=\"elementor-widget-container\">\n\t\t\t\t\t<div class=\"elementor-spacer\">\n\t\t\t<div class=\"elementor-spacer-inner\"><\/div>\n\t\t<\/div>\n\t\t\t\t<\/div>\n\t\t\t\t<\/div>\n\t\t\t\t<div class=\"elementor-element elementor-element-b8afbe7 elementor-widget elementor-widget-text-editor\" data-id=\"b8afbe7\" data-element_type=\"widget\" data-widget_type=\"text-editor.default\">\n\t\t\t\t<div class=\"elementor-widget-container\">\n\t\t\t\t\t\t\t<p dir=\"ltr\">As confer\u00eancias da IAMCR t\u00eam um\u00a0<em>tema principal da confer\u00eancia<\/em>\u00a0(com v\u00e1rios subtemas) que \u00e9 explorado de m\u00faltiplas perspetivas ao longo da confer\u00eancia em sess\u00f5es plen\u00e1rias, nos programas das nossas sec\u00e7\u00f5es e grupos de trabalho, e na stream Flow34 de podcasts e cinema virtual. Eles tamb\u00e9m t\u00eam muitos temas definidos por nossas 33 se\u00e7\u00f5es tem\u00e1ticas e grupos de trabalho. Os temas das se\u00e7\u00f5es e grupos de trabalho s\u00e3o descritos em suas chamadas de propostas individuais. As propostas submetidas \u00e0s se\u00e7\u00f5es e grupos de trabalho podem enfocar um aspecto do tema principal da confer\u00eancia em rela\u00e7\u00e3o \u00e0s preocupa\u00e7\u00f5es centrais da se\u00e7\u00e3o ou grupo de trabalho, ou podem abordar quest\u00f5es adicionais identificadas pela se\u00e7\u00e3o ou grupo de trabalho em seu\u00a0<a href=\"https:\/\/iamcr.org\/beijing2022\/swg-cfp\">chamadas individuais<\/a>\u00a0para\u00a0<a href=\"https:\/\/iamcr.org\/beijing2022\/swg-cfp\">propostas.<\/a><\/p>\t\t\t\t\t\t<\/div>\n\t\t\t\t<\/div>\n\t\t\t\t<div class=\"elementor-element elementor-element-f765717 elementor-widget elementor-widget-image\" data-id=\"f765717\" data-element_type=\"widget\" data-widget_type=\"image.default\">\n\t\t\t\t<div class=\"elementor-widget-container\">\n\t\t\t<style>\/*! elementor - v3.21.0 - 24-04-2024 *\/\n.elementor-widget-image{text-align:center}.elementor-widget-image a{display:inline-block}.elementor-widget-image a img[src$=\".svg\"]{width:48px}.elementor-widget-image img{vertical-align:middle;display:inline-block}<\/style>\t\t\t\t\t\t\t\t\t\t<img fetchpriority=\"high\" decoding=\"async\" width=\"870\" height=\"350\" src=\"https:\/\/alaic.org\/wp-content\/uploads\/2022\/03\/imagen_2023-02-10_130431648.png\" class=\"attachment-large size-large wp-image-2114\" alt=\"\" srcset=\"https:\/\/alaic.org\/wp-content\/uploads\/2022\/03\/imagen_2023-02-10_130431648.png 870w, https:\/\/alaic.org\/wp-content\/uploads\/2022\/03\/imagen_2023-02-10_130431648-300x121.png 300w, https:\/\/alaic.org\/wp-content\/uploads\/2022\/03\/imagen_2023-02-10_130431648-768x309.png 768w\" sizes=\"(max-width: 870px) 100vw, 870px\" \/>\t\t\t\t\t\t\t\t\t\t\t\t\t<\/div>\n\t\t\t\t<\/div>\n\t\t\t\t<div class=\"elementor-element elementor-element-3e474ea elementor-widget elementor-widget-spacer\" data-id=\"3e474ea\" data-element_type=\"widget\" data-widget_type=\"spacer.default\">\n\t\t\t\t<div class=\"elementor-widget-container\">\n\t\t\t\t\t<div class=\"elementor-spacer\">\n\t\t\t<div class=\"elementor-spacer-inner\"><\/div>\n\t\t<\/div>\n\t\t\t\t<\/div>\n\t\t\t\t<\/div>\n\t\t\t\t<div class=\"elementor-element elementor-element-c8efdff elementor-widget elementor-widget-text-editor\" data-id=\"c8efdff\" data-element_type=\"widget\" data-widget_type=\"text-editor.default\">\n\t\t\t\t<div class=\"elementor-widget-container\">\n\t\t\t\t\t\t\t<p dir=\"ltr\">O tema principal da IAMCR 2022, \u201cPesquisa em Comunica\u00e7\u00e3o na Era da Neoglobaliza\u00e7\u00e3o: Reorienta\u00e7\u00f5es, Desafios e Contextos em Mudan\u00e7a\u201d, aborda as possibilidades de repensar as agendas de pesquisa em comunica\u00e7\u00e3o no mundo p\u00f3s-pandemia, que passou por mudan\u00e7as dram\u00e1ticas de forma. interagimos e compreendemos nosso ambiente f\u00edsico, social, cultural, pol\u00edtico e material.<\/p>\t\t\t\t\t\t<\/div>\n\t\t\t\t<\/div>\n\t\t\t\t<div class=\"elementor-element elementor-element-0736c9b elementor-widget elementor-widget-spacer\" data-id=\"0736c9b\" data-element_type=\"widget\" data-widget_type=\"spacer.default\">\n\t\t\t\t<div class=\"elementor-widget-container\">\n\t\t\t\t\t<div class=\"elementor-spacer\">\n\t\t\t<div class=\"elementor-spacer-inner\"><\/div>\n\t\t<\/div>\n\t\t\t\t<\/div>\n\t\t\t\t<\/div>\n\t\t\t\t<div class=\"elementor-element elementor-element-83f6cf9 elementor-widget elementor-widget-heading\" data-id=\"83f6cf9\" data-element_type=\"widget\" data-widget_type=\"heading.default\">\n\t\t\t\t<div class=\"elementor-widget-container\">\n\t\t\t<h6 class=\"elementor-heading-title elementor-size-default\">IAMCR 2022 \u2013 Tema principal da confer\u00eancia<br>\nA pesquisa em comunica\u00e7\u00e3o na era da neoglobaliza\u00e7\u00e3o: reorienta\u00e7\u00f5es, desafios e contextos em transforma\u00e7\u00e3o.<\/h6>\t\t<\/div>\n\t\t\t\t<\/div>\n\t\t\t\t<div class=\"elementor-element elementor-element-bcef81a elementor-widget elementor-widget-spacer\" data-id=\"bcef81a\" data-element_type=\"widget\" data-widget_type=\"spacer.default\">\n\t\t\t\t<div class=\"elementor-widget-container\">\n\t\t\t\t\t<div class=\"elementor-spacer\">\n\t\t\t<div class=\"elementor-spacer-inner\"><\/div>\n\t\t<\/div>\n\t\t\t\t<\/div>\n\t\t\t\t<\/div>\n\t\t\t\t<div class=\"elementor-element elementor-element-456bb0c elementor-widget elementor-widget-text-editor\" data-id=\"456bb0c\" data-element_type=\"widget\" data-widget_type=\"text-editor.default\">\n\t\t\t\t<div class=\"elementor-widget-container\">\n\t\t\t\t\t\t\t<p>Dois anos ap\u00f3s a pandemia global do COVID-19, o mundo enfrenta desafios sem precedentes de toda uma nova topografia cultural e de m\u00eddia em uma era p\u00f3s-pand\u00eamica de volatilidade, incerteza, complexidade e ambiguidade, incluindo, entre outros, quest\u00f5es relacionadas ao p\u00fablico , sa\u00fade, mudan\u00e7as clim\u00e1ticas e sustentabilidade.<br \/>Com mais de tr\u00eas d\u00e9cadas de globaliza\u00e7\u00e3o cultural, econ\u00f4mica e de comunica\u00e7\u00f5es, agora entramos em um mundo p\u00f3s-pand\u00eamico abrangente de neoglobaliza\u00e7\u00e3o. Ap\u00f3s longas ondas de coloniza\u00e7\u00e3o e estabelecimento de novos tipos de hegemonia econ\u00f4mica e cultural na segunda metade do s\u00e9culo XX, as rupturas da pandemia d\u00e3o origem \u00e0 pauta do que se poderia chamar de dispensa da neoglobaliza\u00e7\u00e3o. Isso inflama o interc\u00e2mbio comercial e a comunica\u00e7\u00e3o intercultural, acentuando o poder brando e os padr\u00f5es de harmonia cultural interdependente, remodelando as ordens mundiais. Na era da neoglobaliza\u00e7\u00e3o, os interc\u00e2mbios econ\u00f4micos, pol\u00edticos e culturais internacionais s\u00e3o baseados em medidas de inova\u00e7\u00e3o institucional, tecnologia disruptiva e empatia pol\u00edtica.<\/p><p>Este mundo contempor\u00e2neo e seu princ\u00edpio central da globaliza\u00e7\u00e3o colocam quest\u00f5es e desafios prementes para os estudiosos da m\u00eddia e da comunica\u00e7\u00e3o. O que s\u00e3o identidades culturais e processos de identifica\u00e7\u00e3o nesta era de neoglobaliza\u00e7\u00e3o? Quais s\u00e3o os pap\u00e9is da m\u00eddia e da comunica\u00e7\u00e3o na constru\u00e7\u00e3o de uma comunidade global de sa\u00fade p\u00fablica? Como os dados e a ci\u00eancia digital moldam e influenciam a comunica\u00e7\u00e3o intercultural? Quais s\u00e3o as \u00e9ticas essenciais da m\u00eddia \u201cglobal\u201d na era digital? Como comunicar para a sustentabilidade? Como projetamos plataformas e conte\u00fados digitais e prestamos um servi\u00e7o p\u00fablico para melhorar a ci\u00eancia e a tecnologia?<\/p>\t\t\t\t\t\t<\/div>\n\t\t\t\t<\/div>\n\t\t\t\t<div class=\"elementor-element elementor-element-8664f96 elementor-widget elementor-widget-spacer\" data-id=\"8664f96\" data-element_type=\"widget\" data-widget_type=\"spacer.default\">\n\t\t\t\t<div class=\"elementor-widget-container\">\n\t\t\t\t\t<div class=\"elementor-spacer\">\n\t\t\t<div class=\"elementor-spacer-inner\"><\/div>\n\t\t<\/div>\n\t\t\t\t<\/div>\n\t\t\t\t<\/div>\n\t\t\t\t<div class=\"elementor-element elementor-element-5049619 elementor-widget elementor-widget-heading\" data-id=\"5049619\" data-element_type=\"widget\" data-widget_type=\"heading.default\">\n\t\t\t\t<div class=\"elementor-widget-container\">\n\t\t\t<h6 class=\"elementor-heading-title elementor-size-default\">O tema est\u00e1 aberto a um amplo leque de ideias abordando, entre outros, os seguintes subtemas espec\u00edficos identificados:<\/h6>\t\t<\/div>\n\t\t\t\t<\/div>\n\t\t\t\t<div class=\"elementor-element elementor-element-908a980 elementor-widget elementor-widget-spacer\" data-id=\"908a980\" data-element_type=\"widget\" data-widget_type=\"spacer.default\">\n\t\t\t\t<div class=\"elementor-widget-container\">\n\t\t\t\t\t<div class=\"elementor-spacer\">\n\t\t\t<div class=\"elementor-spacer-inner\"><\/div>\n\t\t<\/div>\n\t\t\t\t<\/div>\n\t\t\t\t<\/div>\n\t\t\t\t<div class=\"elementor-element elementor-element-64e574d elementor-widget elementor-widget-text-editor\" data-id=\"64e574d\" data-element_type=\"widget\" data-widget_type=\"text-editor.default\">\n\t\t\t\t<div class=\"elementor-widget-container\">\n\t\t\t\t\t\t\t<ul><li>Reorientando a pesquisa em m\u00eddia e comunica\u00e7\u00e3o na era da neoglobaliza\u00e7\u00e3o;<\/li><li>Intelig\u00eancia Artificial em Contextos de Comunica\u00e7\u00e3o Global;\u00a0<\/li><li>Identidades e Desidentidades Culturais na Era da Neo-Globaliza\u00e7\u00e3o;\u00a0<\/li><li>Comunica\u00e7\u00e3o para a Sustentabilidade: Altera\u00e7\u00f5es Clim\u00e1ticas, Ambiente e Sa\u00fade;\u00a0<\/li><li>Princ\u00edpios e \u00c9tica da M\u00eddia na Era Digital;\u00a0<\/li><li>M\u00eddia, Comunica\u00e7\u00e3o e Constru\u00e7\u00e3o da Sa\u00fade P\u00fablica Global;\u00a0<\/li><li>Dados\/Ci\u00eancias Digitais e Comunica\u00e7\u00e3o Intercultural;\u00a0<\/li><li>Plataformas Digitais e Servi\u00e7o P\u00fablico:<em>\u00a0Ci\u00eancia, Tecnologia e Sustentabilidade.\u00a0<\/em><\/li><\/ul>\t\t\t\t\t\t<\/div>\n\t\t\t\t<\/div>\n\t\t\t\t\t<\/div>\n\t\t<\/div>\n\t\t\t\t\t<\/div>\n\t\t<\/section>\n\t\t\t\t<\/div>","protected":false},"excerpt":{"rendered":"<p>O prazo para entrega era 9 de fevereiro. Os resultados da revis\u00e3o por pares ser\u00e3o anunciados em 31 de mar\u00e7o. A Associa\u00e7\u00e3o Internacional de Pesquisa em M\u00eddia e Comunica\u00e7\u00e3o (IAMCR) convida propostas de trabalhos e pain\u00e9is para o IAMCR 2022, que ser\u00e1 realizado online de 11 a 15 [\u2026]<\/p>","protected":false},"author":4,"featured_media":2071,"comment_status":"open","ping_status":"open","sticky":false,"template":"","format":"standard","meta":{"_bbp_topic_count":0,"_bbp_reply_count":0,"_bbp_total_topic_count":0,"_bbp_total_reply_count":0,"_bbp_voice_count":0,"_bbp_anonymous_reply_count":0,"_bbp_topic_count_hidden":0,"_bbp_reply_count_hidden":0,"_bbp_forum_subforum_count":0,"footnotes":""},"categories":[30],"tags":[],"yoast_head":"<!-- This site is optimized with the Yoast SEO plugin v22.5 - https:\/\/yoast.com\/wordpress\/plugins\/seo\/ -->\n<title>Convocatoria de propuestas #IAMCR2022 \u2013 11 al 15 julio | Pek\u00edn, China - Alaic<\/title>\n<meta name=\"robots\" content=\"index, follow, max-snippet:-1, max-image-preview:large, max-video-preview:-1\" \/>\n<link rel=\"canonical\" href=\"https:\/\/alaic.org\/pt\/convocatoria-de-propuestas-iamcr2022-11-al-15-julio-pekin-china\/\" \/>\n<meta property=\"og:locale\" content=\"pt_BR\" \/>\n<meta property=\"og:type\" content=\"article\" \/>\n<meta property=\"og:title\" content=\"Convocatoria de propuestas #IAMCR2022 \u2013 11 al 15 julio | Pek\u00edn, China - Alaic\" \/>\n<meta property=\"og:description\" content=\"L a fecha l\u00edmite para presentar fue el 9 de febrero. Los resultados de la revisi\u00f3n por pares se anunciar\u00e1n el 31 de marzo. La Asociaci\u00f3n Internacional para la Investigaci\u00f3n de Medios y Comunicaci\u00f3n (IAMCR) invita a presentar propuestas de documentos y paneles para IAMCR 2022, que se realizar\u00e1 en l\u00ednea del 11 al 15 [&hellip;]\" \/>\n<meta property=\"og:url\" content=\"https:\/\/alaic.org\/pt\/convocatoria-de-propuestas-iamcr2022-11-al-15-julio-pekin-china\/\" \/>\n<meta property=\"og:site_name\" content=\"Alaic\" \/>\n<meta property=\"article:published_time\" content=\"2022-03-10T17:53:46+00:00\" \/>\n<meta property=\"article:modified_time\" content=\"2024-04-24T20:44:25+00:00\" \/>\n<meta property=\"og:image\" content=\"https:\/\/alaic.org\/wp-content\/uploads\/2022\/03\/imagen_2023-02-10_125518395.png\" \/>\n\t<meta property=\"og:image:width\" content=\"870\" \/>\n\t<meta property=\"og:image:height\" content=\"520\" \/>\n\t<meta property=\"og:image:type\" content=\"image\/png\" \/>\n<meta name=\"author\" content=\"Mar\u00eda Camila S\u00e1nchez Delgado\" \/>\n<meta name=\"twitter:card\" content=\"summary_large_image\" \/>\n<meta name=\"twitter:label1\" content=\"Escrito por\" \/>\n\t<meta name=\"twitter:data1\" content=\"Mar\u00eda Camila S\u00e1nchez Delgado\" \/>\n\t<meta name=\"twitter:label2\" content=\"Est. tempo de leitura\" \/>\n\t<meta name=\"twitter:data2\" content=\"4 minutos\" \/>\n<script type=\"application\/ld+json\" class=\"yoast-schema-graph\">{\"@context\":\"https:\/\/schema.org\",\"@graph\":[{\"@type\":\"Article\",\"@id\":\"https:\/\/alaic.org\/convocatoria-de-propuestas-iamcr2022-11-al-15-julio-pekin-china\/#article\",\"isPartOf\":{\"@id\":\"https:\/\/alaic.org\/convocatoria-de-propuestas-iamcr2022-11-al-15-julio-pekin-china\/\"},\"author\":{\"name\":\"Mar\u00eda Camila S\u00e1nchez Delgado\",\"@id\":\"https:\/\/alaic.org\/#\/schema\/person\/0a33842a0f2ba664f0c5a5e1beb19a23\"},\"headline\":\"Convocatoria de propuestas #IAMCR2022 \u2013 11 al 15 julio | Pek\u00edn, China\",\"datePublished\":\"2022-03-10T17:53:46+00:00\",\"dateModified\":\"2024-04-24T20:44:25+00:00\",\"mainEntityOfPage\":{\"@id\":\"https:\/\/alaic.org\/convocatoria-de-propuestas-iamcr2022-11-al-15-julio-pekin-china\/\"},\"wordCount\":757,\"commentCount\":0,\"publisher\":{\"@id\":\"https:\/\/alaic.org\/#organization\"},\"image\":{\"@id\":\"https:\/\/alaic.org\/convocatoria-de-propuestas-iamcr2022-11-al-15-julio-pekin-china\/#primaryimage\"},\"thumbnailUrl\":\"https:\/\/alaic.org\/wp-content\/uploads\/2022\/03\/imagen_2023-02-10_125518395.png\",\"articleSection\":[\"CONFERENCIAS\"],\"inLanguage\":\"pt-BR\",\"potentialAction\":[{\"@type\":\"CommentAction\",\"name\":\"Comment\",\"target\":[\"https:\/\/alaic.org\/convocatoria-de-propuestas-iamcr2022-11-al-15-julio-pekin-china\/#respond\"]}]},{\"@type\":\"WebPage\",\"@id\":\"https:\/\/alaic.org\/convocatoria-de-propuestas-iamcr2022-11-al-15-julio-pekin-china\/\",\"url\":\"https:\/\/alaic.org\/convocatoria-de-propuestas-iamcr2022-11-al-15-julio-pekin-china\/\",\"name\":\"Convocatoria de propuestas #IAMCR2022 \u2013 11 al 15 julio | Pek\u00edn, China - Alaic\",\"isPartOf\":{\"@id\":\"https:\/\/alaic.org\/#website\"},\"primaryImageOfPage\":{\"@id\":\"https:\/\/alaic.org\/convocatoria-de-propuestas-iamcr2022-11-al-15-julio-pekin-china\/#primaryimage\"},\"image\":{\"@id\":\"https:\/\/alaic.org\/convocatoria-de-propuestas-iamcr2022-11-al-15-julio-pekin-china\/#primaryimage\"},\"thumbnailUrl\":\"https:\/\/alaic.org\/wp-content\/uploads\/2022\/03\/imagen_2023-02-10_125518395.png\",\"datePublished\":\"2022-03-10T17:53:46+00:00\",\"dateModified\":\"2024-04-24T20:44:25+00:00\",\"breadcrumb\":{\"@id\":\"https:\/\/alaic.org\/convocatoria-de-propuestas-iamcr2022-11-al-15-julio-pekin-china\/#breadcrumb\"},\"inLanguage\":\"pt-BR\",\"potentialAction\":[{\"@type\":\"ReadAction\",\"target\":[\"https:\/\/alaic.org\/convocatoria-de-propuestas-iamcr2022-11-al-15-julio-pekin-china\/\"]}]},{\"@type\":\"ImageObject\",\"inLanguage\":\"pt-BR\",\"@id\":\"https:\/\/alaic.org\/convocatoria-de-propuestas-iamcr2022-11-al-15-julio-pekin-china\/#primaryimage\",\"url\":\"https:\/\/alaic.org\/wp-content\/uploads\/2022\/03\/imagen_2023-02-10_125518395.png\",\"contentUrl\":\"https:\/\/alaic.org\/wp-content\/uploads\/2022\/03\/imagen_2023-02-10_125518395.png\",\"width\":870,\"height\":520},{\"@type\":\"BreadcrumbList\",\"@id\":\"https:\/\/alaic.org\/convocatoria-de-propuestas-iamcr2022-11-al-15-julio-pekin-china\/#breadcrumb\",\"itemListElement\":[{\"@type\":\"ListItem\",\"position\":1,\"name\":\"Portada\",\"item\":\"https:\/\/alaic.org\/\"},{\"@type\":\"ListItem\",\"position\":2,\"name\":\"Convocatoria de propuestas #IAMCR2022 \u2013 11 al 15 julio | Pek\u00edn, China\"}]},{\"@type\":\"WebSite\",\"@id\":\"https:\/\/alaic.org\/#website\",\"url\":\"https:\/\/alaic.org\/\",\"name\":\"Alaic\",\"description\":\"Asociaci\u00f3n Latinoamericana de Investigadores de la Comunicaci\u00f3n\",\"publisher\":{\"@id\":\"https:\/\/alaic.org\/#organization\"},\"potentialAction\":[{\"@type\":\"SearchAction\",\"target\":{\"@type\":\"EntryPoint\",\"urlTemplate\":\"https:\/\/alaic.org\/?s={search_term_string}\"},\"query-input\":\"required name=search_term_string\"}],\"inLanguage\":\"pt-BR\"},{\"@type\":\"Organization\",\"@id\":\"https:\/\/alaic.org\/#organization\",\"name\":\"Alaic\",\"url\":\"https:\/\/alaic.org\/\",\"logo\":{\"@type\":\"ImageObject\",\"inLanguage\":\"pt-BR\",\"@id\":\"https:\/\/alaic.org\/#\/schema\/logo\/image\/\",\"url\":\"https:\/\/alaic.org\/wp-content\/uploads\/2023\/02\/imagen_2023-02-16_090402780.png\",\"contentUrl\":\"https:\/\/alaic.org\/wp-content\/uploads\/2023\/02\/imagen_2023-02-16_090402780.png\",\"width\":1220,\"height\":417,\"caption\":\"Alaic\"},\"image\":{\"@id\":\"https:\/\/alaic.org\/#\/schema\/logo\/image\/\"}},{\"@type\":\"Person\",\"@id\":\"https:\/\/alaic.org\/#\/schema\/person\/0a33842a0f2ba664f0c5a5e1beb19a23\",\"name\":\"Mar\u00eda Camila S\u00e1nchez Delgado\",\"image\":{\"@type\":\"ImageObject\",\"inLanguage\":\"pt-BR\",\"@id\":\"https:\/\/alaic.org\/#\/schema\/person\/image\/\",\"url\":\"https:\/\/alaic.org\/wp-content\/plugins\/buddypress\/bp-core\/images\/mystery-man.jpg\",\"contentUrl\":\"https:\/\/alaic.org\/wp-content\/plugins\/buddypress\/bp-core\/images\/mystery-man.jpg\",\"caption\":\"Mar\u00eda Camila S\u00e1nchez Delgado\"},\"url\":\"https:\/\/alaic.org\/pt\/miembros\/msanchezdcamilagmail-com\"}]}<\/script>\n<!-- \/ Yoast SEO plugin. -->","yoast_head_json":{"title":"Convocatoria de propuestas #IAMCR2022 \u2013 11 al 15 julio | Pek\u00edn, China - Alaic","robots":{"index":"index","follow":"follow","max-snippet":"max-snippet:-1","max-image-preview":"max-image-preview:large","max-video-preview":"max-video-preview:-1"},"canonical":"https:\/\/alaic.org\/pt\/convocatoria-de-propuestas-iamcr2022-11-al-15-julio-pekin-china\/","og_locale":"pt_BR","og_type":"article","og_title":"Convocatoria de propuestas #IAMCR2022 \u2013 11 al 15 julio | Pek\u00edn, China - Alaic","og_description":"L a fecha l\u00edmite para presentar fue el 9 de febrero. Los resultados de la revisi\u00f3n por pares se anunciar\u00e1n el 31 de marzo. La Asociaci\u00f3n Internacional para la Investigaci\u00f3n de Medios y Comunicaci\u00f3n (IAMCR) invita a presentar propuestas de documentos y paneles para IAMCR 2022, que se realizar\u00e1 en l\u00ednea del 11 al 15 [&hellip;]","og_url":"https:\/\/alaic.org\/pt\/convocatoria-de-propuestas-iamcr2022-11-al-15-julio-pekin-china\/","og_site_name":"Alaic","article_published_time":"2022-03-10T17:53:46+00:00","article_modified_time":"2024-04-24T20:44:25+00:00","og_image":[{"width":870,"height":520,"url":"https:\/\/alaic.org\/wp-content\/uploads\/2022\/03\/imagen_2023-02-10_125518395.png","type":"image\/png"}],"author":"Mar\u00eda Camila S\u00e1nchez Delgado","twitter_card":"summary_large_image","twitter_misc":{"Escrito por":"Mar\u00eda Camila S\u00e1nchez Delgado","Est. tempo de leitura":"4 minutos"},"schema":{"@context":"https:\/\/schema.org","@graph":[{"@type":"Article","@id":"https:\/\/alaic.org\/convocatoria-de-propuestas-iamcr2022-11-al-15-julio-pekin-china\/#article","isPartOf":{"@id":"https:\/\/alaic.org\/convocatoria-de-propuestas-iamcr2022-11-al-15-julio-pekin-china\/"},"author":{"name":"Mar\u00eda Camila S\u00e1nchez Delgado","@id":"https:\/\/alaic.org\/#\/schema\/person\/0a33842a0f2ba664f0c5a5e1beb19a23"},"headline":"Convocatoria de propuestas #IAMCR2022 \u2013 11 al 15 julio | Pek\u00edn, China","datePublished":"2022-03-10T17:53:46+00:00","dateModified":"2024-04-24T20:44:25+00:00","mainEntityOfPage":{"@id":"https:\/\/alaic.org\/convocatoria-de-propuestas-iamcr2022-11-al-15-julio-pekin-china\/"},"wordCount":757,"commentCount":0,"publisher":{"@id":"https:\/\/alaic.org\/#organization"},"image":{"@id":"https:\/\/alaic.org\/convocatoria-de-propuestas-iamcr2022-11-al-15-julio-pekin-china\/#primaryimage"},"thumbnailUrl":"https:\/\/alaic.org\/wp-content\/uploads\/2022\/03\/imagen_2023-02-10_125518395.png","articleSection":["CONFERENCIAS"],"inLanguage":"pt-BR","potentialAction":[{"@type":"CommentAction","name":"Comment","target":["https:\/\/alaic.org\/convocatoria-de-propuestas-iamcr2022-11-al-15-julio-pekin-china\/#respond"]}]},{"@type":"WebPage","@id":"https:\/\/alaic.org\/convocatoria-de-propuestas-iamcr2022-11-al-15-julio-pekin-china\/","url":"https:\/\/alaic.org\/convocatoria-de-propuestas-iamcr2022-11-al-15-julio-pekin-china\/","name":"Convocatoria de propuestas #IAMCR2022 \u2013 11 al 15 julio | Pek\u00edn, China - Alaic","isPartOf":{"@id":"https:\/\/alaic.org\/#website"},"primaryImageOfPage":{"@id":"https:\/\/alaic.org\/convocatoria-de-propuestas-iamcr2022-11-al-15-julio-pekin-china\/#primaryimage"},"image":{"@id":"https:\/\/alaic.org\/convocatoria-de-propuestas-iamcr2022-11-al-15-julio-pekin-china\/#primaryimage"},"thumbnailUrl":"https:\/\/alaic.org\/wp-content\/uploads\/2022\/03\/imagen_2023-02-10_125518395.png","datePublished":"2022-03-10T17:53:46+00:00","dateModified":"2024-04-24T20:44:25+00:00","breadcrumb":{"@id":"https:\/\/alaic.org\/convocatoria-de-propuestas-iamcr2022-11-al-15-julio-pekin-china\/#breadcrumb"},"inLanguage":"pt-BR","potentialAction":[{"@type":"ReadAction","target":["https:\/\/alaic.org\/convocatoria-de-propuestas-iamcr2022-11-al-15-julio-pekin-china\/"]}]},{"@type":"ImageObject","inLanguage":"pt-BR","@id":"https:\/\/alaic.org\/convocatoria-de-propuestas-iamcr2022-11-al-15-julio-pekin-china\/#primaryimage","url":"https:\/\/alaic.org\/wp-content\/uploads\/2022\/03\/imagen_2023-02-10_125518395.png","contentUrl":"https:\/\/alaic.org\/wp-content\/uploads\/2022\/03\/imagen_2023-02-10_125518395.png","width":870,"height":520},{"@type":"BreadcrumbList","@id":"https:\/\/alaic.org\/convocatoria-de-propuestas-iamcr2022-11-al-15-julio-pekin-china\/#breadcrumb","itemListElement":[{"@type":"ListItem","position":1,"name":"Portada","item":"https:\/\/alaic.org\/"},{"@type":"ListItem","position":2,"name":"Convocatoria de propuestas #IAMCR2022 \u2013 11 al 15 julio | Pek\u00edn, China"}]},{"@type":"WebSite","@id":"https:\/\/alaic.org\/#website","url":"https:\/\/alaic.org\/","name":"Alaic","description":"Asociaci\u00f3n Latinoamericana de Investigadores de la Comunicaci\u00f3n","publisher":{"@id":"https:\/\/alaic.org\/#organization"},"potentialAction":[{"@type":"SearchAction","target":{"@type":"EntryPoint","urlTemplate":"https:\/\/alaic.org\/?s={search_term_string}"},"query-input":"required name=search_term_string"}],"inLanguage":"pt-BR"},{"@type":"Organization","@id":"https:\/\/alaic.org\/#organization","name":"Alaic","url":"https:\/\/alaic.org\/","logo":{"@type":"ImageObject","inLanguage":"pt-BR","@id":"https:\/\/alaic.org\/#\/schema\/logo\/image\/","url":"https:\/\/alaic.org\/wp-content\/uploads\/2023\/02\/imagen_2023-02-16_090402780.png","contentUrl":"https:\/\/alaic.org\/wp-content\/uploads\/2023\/02\/imagen_2023-02-16_090402780.png","width":1220,"height":417,"caption":"Alaic"},"image":{"@id":"https:\/\/alaic.org\/#\/schema\/logo\/image\/"}},{"@type":"Person","@id":"https:\/\/alaic.org\/#\/schema\/person\/0a33842a0f2ba664f0c5a5e1beb19a23","name":"Mar\u00eda Camila S\u00e1nchez Delgado","image":{"@type":"ImageObject","inLanguage":"pt-BR","@id":"https:\/\/alaic.org\/#\/schema\/person\/image\/","url":"https:\/\/alaic.org\/wp-content\/plugins\/buddypress\/bp-core\/images\/mystery-man.jpg","contentUrl":"https:\/\/alaic.org\/wp-content\/plugins\/buddypress\/bp-core\/images\/mystery-man.jpg","caption":"Mar\u00eda Camila S\u00e1nchez Delgado"},"url":"https:\/\/alaic.org\/pt\/miembros\/msanchezdcamilagmail-com"}]}},"_links":{"self":[{"href":"https:\/\/alaic.org\/pt\/wp-json\/wp\/v2\/posts\/2058"}],"collection":[{"href":"https:\/\/alaic.org\/pt\/wp-json\/wp\/v2\/posts"}],"about":[{"href":"https:\/\/alaic.org\/pt\/wp-json\/wp\/v2\/types\/post"}],"author":[{"embeddable":true,"href":"https:\/\/alaic.org\/pt\/wp-json\/wp\/v2\/users\/4"}],"replies":[{"embeddable":true,"href":"https:\/\/alaic.org\/pt\/wp-json\/wp\/v2\/comments?post=2058"}],"version-history":[{"count":5,"href":"https:\/\/alaic.org\/pt\/wp-json\/wp\/v2\/posts\/2058\/revisions"}],"predecessor-version":[{"id":2160,"href":"https:\/\/alaic.org\/pt\/wp-json\/wp\/v2\/posts\/2058\/revisions\/2160"}],"wp:featuredmedia":[{"embeddable":true,"href":"https:\/\/alaic.org\/pt\/wp-json\/wp\/v2\/media\/2071"}],"wp:attachment":[{"href":"https:\/\/alaic.org\/pt\/wp-json\/wp\/v2\/media?parent=2058"}],"wp:term":[{"taxonomy":"category","embeddable":true,"href":"https:\/\/alaic.org\/pt\/wp-json\/wp\/v2\/categories?post=2058"},{"taxonomy":"post_tag","embeddable":true,"href":"https:\/\/alaic.org\/pt\/wp-json\/wp\/v2\/tags?post=2058"}],"curies":[{"name":"wp","href":"https:\/\/api.w.org\/{rel}","templated":true}]}}